{"id":22121,"date":"2019-09-06T13:42:22","date_gmt":"2019-09-06T13:42:22","guid":{"rendered":"https:\/\/sertv.gob.pa\/crisolfm\/?p=22121"},"modified":"2019-09-06T13:42:22","modified_gmt":"2019-09-06T13:42:22","slug":"el-festival-de-cine-de-toronto-apuesta-por-los-documentales-en-su-inauguracion","status":"publish","type":"post","link":"https:\/\/sertv.gob.pa\/crisolfm\/el-festival-de-cine-de-toronto-apuesta-por-los-documentales-en-su-inauguracion\/","title":{"rendered":"El Festival de Cine de Toronto apuesta por los documentales en su inauguraci\u00f3n"},"content":{"rendered":"<p>El Festival Internacional de Cine de Toronto (TIFF) se inici\u00f3 este jueves atento a los vientos cambiantes en el mundo del entretenimiento, al poner un mayor \u00e9nfasis este a\u00f1o en los documentales y las producciones de los servicios de \u00abstreaming\u00bb, como Netflix o Amazon.<\/p>\n<p>Por primera vez en sus 44 a\u00f1os, la muestra, que se ha convertido en una de las m\u00e1s importantes del mundo, comenz\u00f3 oficialmente con un documental, \u00abOnce Were Brothers: Robbie Robertson and The Band\u00bb.<\/p>\n<p>La cinta, dirigida por Daniel Roher, narra la historia del m\u00fasico canadiense Robbie Robertson y de la formaci\u00f3n de \u00abuno de los grupos m\u00e1s duraderos en la historia de la m\u00fasica popular\u00bb con entrevistas a artistas como Bruce Springsteen, Eric Clapton, Van Morrison y Peter Gabriel.<\/p>\n<p>EFE<\/p>\n<p>&nbsp;<\/p>\n","protected":false},"excerpt":{"rendered":"<p>El Festival Internacional de Cine de Toronto (TIFF) se inici\u00f3 <a href=\"https:\/\/sertv.gob.pa\/crisolfm\/el-festival-de-cine-de-toronto-apuesta-por-los-documentales-en-su-inauguracion\/\"> [&#8230;]<\/a><\/p>\n","protected":false},"author":64,"featured_media":22122,"comment_status":"closed","ping_status":"closed","sticky":false,"template":"","format":"standard","meta":{"footnotes":""},"categories":[6],"tags":[],"class_list":["post-22121","post","type-post","status-publish","format-standard","has-post-thumbnail","hentry","category-culturales"],"_links":{"self":[{"href":"https:\/\/sertv.gob.pa\/crisolfm\/wp-json\/wp\/v2\/posts\/22121","targetHints":{"allow":["GET"]}}],"collection":[{"href":"https:\/\/sertv.gob.pa\/crisolfm\/wp-json\/wp\/v2\/posts"}],"about":[{"href":"https:\/\/sertv.gob.pa\/crisolfm\/wp-json\/wp\/v2\/types\/post"}],"author":[{"embeddable":true,"href":"https:\/\/sertv.gob.pa\/crisolfm\/wp-json\/wp\/v2\/users\/64"}],"replies":[{"embeddable":true,"href":"https:\/\/sertv.gob.pa\/crisolfm\/wp-json\/wp\/v2\/comments?post=22121"}],"version-history":[{"count":1,"href":"https:\/\/sertv.gob.pa\/crisolfm\/wp-json\/wp\/v2\/posts\/22121\/revisions"}],"predecessor-version":[{"id":22123,"href":"https:\/\/sertv.gob.pa\/crisolfm\/wp-json\/wp\/v2\/posts\/22121\/revisions\/22123"}],"wp:featuredmedia":[{"embeddable":true,"href":"https:\/\/sertv.gob.pa\/crisolfm\/wp-json\/wp\/v2\/media\/22122"}],"wp:attachment":[{"href":"https:\/\/sertv.gob.pa\/crisolfm\/wp-json\/wp\/v2\/media?parent=22121"}],"wp:term":[{"taxonomy":"category","embeddable":true,"href":"https:\/\/sertv.gob.pa\/crisolfm\/wp-json\/wp\/v2\/categories?post=22121"},{"taxonomy":"post_tag","embeddable":true,"href":"https:\/\/sertv.gob.pa\/crisolfm\/wp-json\/wp\/v2\/tags?post=22121"}],"curies":[{"name":"wp","href":"https:\/\/api.w.org\/{rel}","templated":true}]}}