{"id":22124,"date":"2019-09-06T13:53:02","date_gmt":"2019-09-06T13:53:02","guid":{"rendered":"https:\/\/sertv.gob.pa\/crisolfm\/?p=22124"},"modified":"2019-09-06T13:53:02","modified_gmt":"2019-09-06T13:53:02","slug":"fotografias-de-vincent-rosenblatt-en-exhibicion","status":"publish","type":"post","link":"https:\/\/sertv.gob.pa\/crisolfm\/fotografias-de-vincent-rosenblatt-en-exhibicion\/","title":{"rendered":"Fotograf\u00edas de Vincent Rosenblatt en exhibici\u00f3n"},"content":{"rendered":"<p>Para la celebraci\u00f3n de los 500 a\u00f1os de la fundaci\u00f3n de la Ciudad de Panam\u00e1, la Embajada de Francia en Panam\u00e1 y el Centro Cultural Internacional organizan la exhibici\u00f3n fotogr\u00e1fica \u2018Fiebre nocturna&#8217;, del fot\u00f3grafo franc\u00e9s Vincent Rosenblatt, quien documenta en sus im\u00e1genes la escena de los \u2018bailes Funk&#8217; de R\u00edo de Janeiro, recurso inagotable de resistencia y de energ\u00eda vital frente a la represi\u00f3n gubernamental.<\/p>\n<p>Vincent reside en Brasil desde el 2002, igualmente documenta en paralelo una escena musical desconocida del este amaz\u00f3nico, en la periferia de Bel\u00e9m do Par\u00e1: los \u2018Aparelhagens&#8217; de la Tecnobrega. El acto de inauguraci\u00f3n ser\u00e1 el 26 de septiembre a las 7:00 p.m.<\/p>\n<p>&nbsp;<\/p>\n","protected":false},"excerpt":{"rendered":"<p>Para la celebraci\u00f3n de los 500 a\u00f1os de la fundaci\u00f3n <a href=\"https:\/\/sertv.gob.pa\/crisolfm\/fotografias-de-vincent-rosenblatt-en-exhibicion\/\"> [&#8230;]<\/a><\/p>\n","protected":false},"author":64,"featured_media":22125,"comment_status":"closed","ping_status":"closed","sticky":false,"template":"","format":"standard","meta":{"footnotes":""},"categories":[6],"tags":[],"class_list":["post-22124","post","type-post","status-publish","format-standard","has-post-thumbnail","hentry","category-culturales"],"_links":{"self":[{"href":"https:\/\/sertv.gob.pa\/crisolfm\/wp-json\/wp\/v2\/posts\/22124","targetHints":{"allow":["GET"]}}],"collection":[{"href":"https:\/\/sertv.gob.pa\/crisolfm\/wp-json\/wp\/v2\/posts"}],"about":[{"href":"https:\/\/sertv.gob.pa\/crisolfm\/wp-json\/wp\/v2\/types\/post"}],"author":[{"embeddable":true,"href":"https:\/\/sertv.gob.pa\/crisolfm\/wp-json\/wp\/v2\/users\/64"}],"replies":[{"embeddable":true,"href":"https:\/\/sertv.gob.pa\/crisolfm\/wp-json\/wp\/v2\/comments?post=22124"}],"version-history":[{"count":1,"href":"https:\/\/sertv.gob.pa\/crisolfm\/wp-json\/wp\/v2\/posts\/22124\/revisions"}],"predecessor-version":[{"id":22126,"href":"https:\/\/sertv.gob.pa\/crisolfm\/wp-json\/wp\/v2\/posts\/22124\/revisions\/22126"}],"wp:featuredmedia":[{"embeddable":true,"href":"https:\/\/sertv.gob.pa\/crisolfm\/wp-json\/wp\/v2\/media\/22125"}],"wp:attachment":[{"href":"https:\/\/sertv.gob.pa\/crisolfm\/wp-json\/wp\/v2\/media?parent=22124"}],"wp:term":[{"taxonomy":"category","embeddable":true,"href":"https:\/\/sertv.gob.pa\/crisolfm\/wp-json\/wp\/v2\/categories?post=22124"},{"taxonomy":"post_tag","embeddable":true,"href":"https:\/\/sertv.gob.pa\/crisolfm\/wp-json\/wp\/v2\/tags?post=22124"}],"curies":[{"name":"wp","href":"https:\/\/api.w.org\/{rel}","templated":true}]}}