{"id":22130,"date":"2019-09-06T14:07:26","date_gmt":"2019-09-06T14:07:26","guid":{"rendered":"https:\/\/sertv.gob.pa\/crisolfm\/?p=22130"},"modified":"2019-09-06T14:07:26","modified_gmt":"2019-09-06T14:07:26","slug":"cuentistas-emergentes-en-la-universidad-de-panama","status":"publish","type":"post","link":"https:\/\/sertv.gob.pa\/crisolfm\/cuentistas-emergentes-en-la-universidad-de-panama\/","title":{"rendered":"\u201cCuentistas Emergentes\u201d en la Universidad de Panam\u00e1"},"content":{"rendered":"<p>La Universidad Nacional de Panam\u00e1 celebrar\u00e1 el VI Congreso Internacional de Literatura Paname\u00f1a titulado: \u2018Cuentistas Emergentes en Panam\u00e1&#8217;, del 9 al 11 de septiembre, de 9:00 a.m. a 4:00 p.m.<\/p>\n<p>Se contar\u00e1 con la lectura de obras de escritores y cuentistas nacionales e internacionales. Esta actividad se llevar\u00e1 a cabo en el auditorio Rosendo Taylor. La entrada es abierta a todo p\u00fablico.<\/p>\n<p>&nbsp;<\/p>\n","protected":false},"excerpt":{"rendered":"<p>La Universidad Nacional de Panam\u00e1 celebrar\u00e1 el VI Congreso Internacional <a href=\"https:\/\/sertv.gob.pa\/crisolfm\/cuentistas-emergentes-en-la-universidad-de-panama\/\"> [&#8230;]<\/a><\/p>\n","protected":false},"author":64,"featured_media":22131,"comment_status":"closed","ping_status":"closed","sticky":false,"template":"","format":"standard","meta":{"footnotes":""},"categories":[6],"tags":[],"class_list":["post-22130","post","type-post","status-publish","format-standard","has-post-thumbnail","hentry","category-culturales"],"_links":{"self":[{"href":"https:\/\/sertv.gob.pa\/crisolfm\/wp-json\/wp\/v2\/posts\/22130","targetHints":{"allow":["GET"]}}],"collection":[{"href":"https:\/\/sertv.gob.pa\/crisolfm\/wp-json\/wp\/v2\/posts"}],"about":[{"href":"https:\/\/sertv.gob.pa\/crisolfm\/wp-json\/wp\/v2\/types\/post"}],"author":[{"embeddable":true,"href":"https:\/\/sertv.gob.pa\/crisolfm\/wp-json\/wp\/v2\/users\/64"}],"replies":[{"embeddable":true,"href":"https:\/\/sertv.gob.pa\/crisolfm\/wp-json\/wp\/v2\/comments?post=22130"}],"version-history":[{"count":1,"href":"https:\/\/sertv.gob.pa\/crisolfm\/wp-json\/wp\/v2\/posts\/22130\/revisions"}],"predecessor-version":[{"id":22132,"href":"https:\/\/sertv.gob.pa\/crisolfm\/wp-json\/wp\/v2\/posts\/22130\/revisions\/22132"}],"wp:featuredmedia":[{"embeddable":true,"href":"https:\/\/sertv.gob.pa\/crisolfm\/wp-json\/wp\/v2\/media\/22131"}],"wp:attachment":[{"href":"https:\/\/sertv.gob.pa\/crisolfm\/wp-json\/wp\/v2\/media?parent=22130"}],"wp:term":[{"taxonomy":"category","embeddable":true,"href":"https:\/\/sertv.gob.pa\/crisolfm\/wp-json\/wp\/v2\/categories?post=22130"},{"taxonomy":"post_tag","embeddable":true,"href":"https:\/\/sertv.gob.pa\/crisolfm\/wp-json\/wp\/v2\/tags?post=22130"}],"curies":[{"name":"wp","href":"https:\/\/api.w.org\/{rel}","templated":true}]}}