{"id":22142,"date":"2019-09-06T15:17:03","date_gmt":"2019-09-06T15:17:03","guid":{"rendered":"https:\/\/sertv.gob.pa\/crisolfm\/?p=22142"},"modified":"2019-09-06T15:17:03","modified_gmt":"2019-09-06T15:17:03","slug":"cientificos-hallan-fosil-que-evidencia-que-los-animales-moviles-reptaban-hace-550-millones-de-anos","status":"publish","type":"post","link":"https:\/\/sertv.gob.pa\/crisolfm\/cientificos-hallan-fosil-que-evidencia-que-los-animales-moviles-reptaban-hace-550-millones-de-anos\/","title":{"rendered":"Cient\u00edficos hallan f\u00f3sil que evidencia que los animales m\u00f3viles reptaban hace 550 millones de a\u00f1os"},"content":{"rendered":"<p>Los cient\u00edficos estimaban que los <strong>animales m\u00f3viles y segmentados<\/strong> con simetr\u00eda bilateral evolucionaron durante el per\u00edodo Ediac\u00e1rico (hace entre 635 y 542 millones de a\u00f1os), mucho antes de la edad de los dinosaurios o incluso del supercontinente Pangea. Sin embargo, no exist\u00edan evidencias convincentes que corroboraran estas estimaciones. Solo se conoc\u00edan trazas f\u00f3siles de\u00a0senderos, caminos y madrigueras que, salvo excepciones, eran\u00a0huellas\u00a0de seres vivos desconocidos.<\/p>\n<p>Un estudio publicado hoy en la revista\u00a0<em>Nature<\/em>\u00a0describe detalles del rastro producido por un animal parecido a un\u00a0gusano\u00a0poco antes de su muerte, lo que indica que esta especie era m\u00f3vil. Este ser f\u00f3sil, al que han denominado\u00a0<em>Yilingia spiciformis,<\/em>\u00a0habr\u00eda vivido hace entre 551 y 539 millones de a\u00f1os en lo que hoy es la Formaci\u00f3n Dengying, en el \u00e1rea de las <strong>Gargantas de Yangtze<\/strong> (China). El descubrimiento es vital porque el animal y la se\u00f1al que produjo justo antes de su muerte se conservan juntos.<\/p>\n<p>\u201cEste descubrimiento demuestra que los animales\u00a0segmentados\u00a0y\u00a0m\u00f3viles\u00a0evolucionaron hace 550 millones de a\u00f1os. La movilidad hizo posible que estos trazaran una huella inconfundible en la Tierra, tanto literal como metaf\u00f3ricamente\u201d, afirma Shuhai Xiao, geocient\u00edfico de la Virgina Tech (EE UU) e investigador principal del estudio.<\/p>\n<p>ECOticias<\/p>\n","protected":false},"excerpt":{"rendered":"<p>Los cient\u00edficos estimaban que los animales m\u00f3viles y segmentados con <a href=\"https:\/\/sertv.gob.pa\/crisolfm\/cientificos-hallan-fosil-que-evidencia-que-los-animales-moviles-reptaban-hace-550-millones-de-anos\/\"> [&#8230;]<\/a><\/p>\n","protected":false},"author":64,"featured_media":22143,"comment_status":"closed","ping_status":"closed","sticky":false,"template":"","format":"standard","meta":{"footnotes":""},"categories":[7],"tags":[],"class_list":["post-22142","post","type-post","status-publish","format-standard","has-post-thumbnail","hentry","category-ecologicas"],"_links":{"self":[{"href":"https:\/\/sertv.gob.pa\/crisolfm\/wp-json\/wp\/v2\/posts\/22142","targetHints":{"allow":["GET"]}}],"collection":[{"href":"https:\/\/sertv.gob.pa\/crisolfm\/wp-json\/wp\/v2\/posts"}],"about":[{"href":"https:\/\/sertv.gob.pa\/crisolfm\/wp-json\/wp\/v2\/types\/post"}],"author":[{"embeddable":true,"href":"https:\/\/sertv.gob.pa\/crisolfm\/wp-json\/wp\/v2\/users\/64"}],"replies":[{"embeddable":true,"href":"https:\/\/sertv.gob.pa\/crisolfm\/wp-json\/wp\/v2\/comments?post=22142"}],"version-history":[{"count":1,"href":"https:\/\/sertv.gob.pa\/crisolfm\/wp-json\/wp\/v2\/posts\/22142\/revisions"}],"predecessor-version":[{"id":22144,"href":"https:\/\/sertv.gob.pa\/crisolfm\/wp-json\/wp\/v2\/posts\/22142\/revisions\/22144"}],"wp:featuredmedia":[{"embeddable":true,"href":"https:\/\/sertv.gob.pa\/crisolfm\/wp-json\/wp\/v2\/media\/22143"}],"wp:attachment":[{"href":"https:\/\/sertv.gob.pa\/crisolfm\/wp-json\/wp\/v2\/media?parent=22142"}],"wp:term":[{"taxonomy":"category","embeddable":true,"href":"https:\/\/sertv.gob.pa\/crisolfm\/wp-json\/wp\/v2\/categories?post=22142"},{"taxonomy":"post_tag","embeddable":true,"href":"https:\/\/sertv.gob.pa\/crisolfm\/wp-json\/wp\/v2\/tags?post=22142"}],"curies":[{"name":"wp","href":"https:\/\/api.w.org\/{rel}","templated":true}]}}