{"id":22148,"date":"2019-09-09T13:19:54","date_gmt":"2019-09-09T13:19:54","guid":{"rendered":"https:\/\/sertv.gob.pa\/crisolfm\/?p=22148"},"modified":"2019-09-09T13:19:54","modified_gmt":"2019-09-09T13:19:54","slug":"deforestacion-en-la-amazonia","status":"publish","type":"post","link":"https:\/\/sertv.gob.pa\/crisolfm\/deforestacion-en-la-amazonia\/","title":{"rendered":"Deforestaci\u00f3n en la Amazon\u00eda"},"content":{"rendered":"<p>La deforestaci\u00f3n de la Amazon\u00eda brasile\u00f1a pr\u00e1cticamente se duplic\u00f3 entre enero y agosto, totalizando 6,404,4 km2, frente a 3,336,7 km2 en el mismo periodo de 2018 (+91,9%), seg\u00fan datos oficiales provisorios divulgados en plena pol\u00e9mica internacional sobre la preservaci\u00f3n del mayor bosque tropical del planeta. Tan solo en agosto, 1,700,8 km2 fueron desmatados, menos que en julio (cuando se hab\u00edan cuadruplicado), pero m\u00e1s del triple que en agosto de 2018 (526.5 km2), de acuerdo con el sistema DETER de alertas satelitales del Instituto Nacional de Investigaciones Espaciales (INPE).<\/p>\n<p>La deforestaci\u00f3n en Brasil se manten\u00eda en los niveles de los \u00faltimos a\u00f1os, pero en los \u00faltimos cuatro meses se dispar\u00f3: 738.2 km2 en mayo (+34,1%), 936.3 km2 en junio (+91,7%) y 2,255.4 km2 en julio (+278%) y ahora 1,700,8 km2 en agosto (+91.90%). Los expertos eval\u00faan que este a\u00f1o podr\u00eda llegar por primera vez desde 2008 a los 10,000 km2.<\/p>\n<p>Seg\u00fan especialistas y ambientalistas, la escalada se explica por la presi\u00f3n de madereros y ganaderos alentados por el apoyo del presidente Jair Bolsonaro a la apertura de reservas ind\u00edgenas y \u00e1reas protegidas para esas actividades y la miner\u00eda.<\/p>\n<p>AFP<\/p>\n","protected":false},"excerpt":{"rendered":"<p>La deforestaci\u00f3n de la Amazon\u00eda brasile\u00f1a pr\u00e1cticamente se duplic\u00f3 entre <a href=\"https:\/\/sertv.gob.pa\/crisolfm\/deforestacion-en-la-amazonia\/\"> [&#8230;]<\/a><\/p>\n","protected":false},"author":64,"featured_media":22149,"comment_status":"closed","ping_status":"closed","sticky":false,"template":"","format":"standard","meta":{"footnotes":""},"categories":[7],"tags":[],"class_list":["post-22148","post","type-post","status-publish","format-standard","has-post-thumbnail","hentry","category-ecologicas"],"_links":{"self":[{"href":"https:\/\/sertv.gob.pa\/crisolfm\/wp-json\/wp\/v2\/posts\/22148","targetHints":{"allow":["GET"]}}],"collection":[{"href":"https:\/\/sertv.gob.pa\/crisolfm\/wp-json\/wp\/v2\/posts"}],"about":[{"href":"https:\/\/sertv.gob.pa\/crisolfm\/wp-json\/wp\/v2\/types\/post"}],"author":[{"embeddable":true,"href":"https:\/\/sertv.gob.pa\/crisolfm\/wp-json\/wp\/v2\/users\/64"}],"replies":[{"embeddable":true,"href":"https:\/\/sertv.gob.pa\/crisolfm\/wp-json\/wp\/v2\/comments?post=22148"}],"version-history":[{"count":1,"href":"https:\/\/sertv.gob.pa\/crisolfm\/wp-json\/wp\/v2\/posts\/22148\/revisions"}],"predecessor-version":[{"id":22150,"href":"https:\/\/sertv.gob.pa\/crisolfm\/wp-json\/wp\/v2\/posts\/22148\/revisions\/22150"}],"wp:featuredmedia":[{"embeddable":true,"href":"https:\/\/sertv.gob.pa\/crisolfm\/wp-json\/wp\/v2\/media\/22149"}],"wp:attachment":[{"href":"https:\/\/sertv.gob.pa\/crisolfm\/wp-json\/wp\/v2\/media?parent=22148"}],"wp:term":[{"taxonomy":"category","embeddable":true,"href":"https:\/\/sertv.gob.pa\/crisolfm\/wp-json\/wp\/v2\/categories?post=22148"},{"taxonomy":"post_tag","embeddable":true,"href":"https:\/\/sertv.gob.pa\/crisolfm\/wp-json\/wp\/v2\/tags?post=22148"}],"curies":[{"name":"wp","href":"https:\/\/api.w.org\/{rel}","templated":true}]}}