{"id":22151,"date":"2019-09-09T13:27:49","date_gmt":"2019-09-09T13:27:49","guid":{"rendered":"https:\/\/sertv.gob.pa\/crisolfm\/?p=22151"},"modified":"2019-09-09T13:27:49","modified_gmt":"2019-09-09T13:27:49","slug":"fallece-camilo-sesto-uno-de-los-baladistas-mas-universales","status":"publish","type":"post","link":"https:\/\/sertv.gob.pa\/crisolfm\/fallece-camilo-sesto-uno-de-los-baladistas-mas-universales\/","title":{"rendered":"Fallece Camilo Sesto, uno de los baladistas m\u00e1s universales"},"content":{"rendered":"<p>Camilo Sesto, cantante y compositor, uno de los baladistas m\u00e1s universales, muere a los 72 a\u00f1os debido a un paro card\u00edaco.<\/p>\n<p>El artista espa\u00f1ol enton\u00f3 varias de las canciones que no faltan en los playlist de los rom\u00e1nticos obstinados. Vivir as\u00ed es morir de amor, Algo de m\u00ed, El amor de mi vida, Quieres ser mi amante o Perd\u00f3name, resaltan entre sus m\u00e1s de 50 temas que llegaron al tope de popularidad de la m\u00fasica en espa\u00f1ol, ingl\u00e9s, italiana y en portugu\u00e9s, apunta un reporte de la BBC.<\/p>\n<p>Que sus ventas de discos superaron los 100 millones de copias, que en 1975 incursion\u00f3 en la actuaci\u00f3n al protagonizar el musical Jesucristo Superstar y que una de sus facetas menos conocidas fue la de compositor para otros artistas (Miguel Bos\u00e9, \u00c1ngela Carrasco, Jos\u00e9 Jos\u00e9 o Sergio Fachelli), son otros logros del cantante nacido en 1946.<\/p>\n<p>&nbsp;<\/p>\n<p>&nbsp;<\/p>\n<p>&nbsp;<\/p>\n","protected":false},"excerpt":{"rendered":"<p>Camilo Sesto, cantante y compositor, uno de los baladistas m\u00e1s <a href=\"https:\/\/sertv.gob.pa\/crisolfm\/fallece-camilo-sesto-uno-de-los-baladistas-mas-universales\/\"> [&#8230;]<\/a><\/p>\n","protected":false},"author":64,"featured_media":22152,"comment_status":"closed","ping_status":"closed","sticky":false,"template":"","format":"standard","meta":{"footnotes":""},"categories":[6],"tags":[],"class_list":["post-22151","post","type-post","status-publish","format-standard","has-post-thumbnail","hentry","category-culturales"],"_links":{"self":[{"href":"https:\/\/sertv.gob.pa\/crisolfm\/wp-json\/wp\/v2\/posts\/22151","targetHints":{"allow":["GET"]}}],"collection":[{"href":"https:\/\/sertv.gob.pa\/crisolfm\/wp-json\/wp\/v2\/posts"}],"about":[{"href":"https:\/\/sertv.gob.pa\/crisolfm\/wp-json\/wp\/v2\/types\/post"}],"author":[{"embeddable":true,"href":"https:\/\/sertv.gob.pa\/crisolfm\/wp-json\/wp\/v2\/users\/64"}],"replies":[{"embeddable":true,"href":"https:\/\/sertv.gob.pa\/crisolfm\/wp-json\/wp\/v2\/comments?post=22151"}],"version-history":[{"count":1,"href":"https:\/\/sertv.gob.pa\/crisolfm\/wp-json\/wp\/v2\/posts\/22151\/revisions"}],"predecessor-version":[{"id":22153,"href":"https:\/\/sertv.gob.pa\/crisolfm\/wp-json\/wp\/v2\/posts\/22151\/revisions\/22153"}],"wp:featuredmedia":[{"embeddable":true,"href":"https:\/\/sertv.gob.pa\/crisolfm\/wp-json\/wp\/v2\/media\/22152"}],"wp:attachment":[{"href":"https:\/\/sertv.gob.pa\/crisolfm\/wp-json\/wp\/v2\/media?parent=22151"}],"wp:term":[{"taxonomy":"category","embeddable":true,"href":"https:\/\/sertv.gob.pa\/crisolfm\/wp-json\/wp\/v2\/categories?post=22151"},{"taxonomy":"post_tag","embeddable":true,"href":"https:\/\/sertv.gob.pa\/crisolfm\/wp-json\/wp\/v2\/tags?post=22151"}],"curies":[{"name":"wp","href":"https:\/\/api.w.org\/{rel}","templated":true}]}}