{"id":22157,"date":"2019-09-09T13:38:46","date_gmt":"2019-09-09T13:38:46","guid":{"rendered":"https:\/\/sertv.gob.pa\/crisolfm\/?p=22157"},"modified":"2019-09-09T13:38:46","modified_gmt":"2019-09-09T13:38:46","slug":"sinaproc-alerta-por-fuertes-lluvias","status":"publish","type":"post","link":"https:\/\/sertv.gob.pa\/crisolfm\/sinaproc-alerta-por-fuertes-lluvias\/","title":{"rendered":"Sinaproc alerta por fuertes lluvias"},"content":{"rendered":"<p>El paso de ondas tropicales #38 y #39 traer\u00e1 lluvias principalmente para las provincias de Bocas del Toro, Chiriqu\u00ed, Veraguas y la ciudad de Panam\u00e1, seg\u00fan un aviso de prevenci\u00f3n hasta hoy emitido por el\u00a0Sistema Nacional de Protecci\u00f3n Civil (Sinaproc).<\/p>\n<p>Adherbal de la Rosa, subdirector del Sinaproc, solicit\u00f3 a la poblaci\u00f3n tomar las medidas de precauci\u00f3n que se requiere para las condiciones de mal tiempo como lo son: procurar tener una mochila de emergencias, alejarse de las \u00e1reas propensas a inundaciones, dirigirse a stitios seguros, evitar cruzar a pie una corriente de agua que pase por encima de las rodillas, no conducir por lugares inundados y mantenerse informado por las cuentas oficiales, adem\u00e1s de evitar acercarse a postes o cables de electricidad.<\/p>\n<p>Seg\u00fan el subdirector \u201cvamos a tener la onda tropical #38 y en seguida va a entrar la #39, as\u00ed que recomiendo a todas esas personas que viven en zonas inundables que tomen las medidas respectivas\u201d. Los n\u00fameros de emergencias de Sinaproc son:\u00a0 *335 y 316-0080.<\/p>\n<p>&nbsp;<\/p>\n","protected":false},"excerpt":{"rendered":"<p>El paso de ondas tropicales #38 y #39 traer\u00e1 lluvias <a href=\"https:\/\/sertv.gob.pa\/crisolfm\/sinaproc-alerta-por-fuertes-lluvias\/\"> [&#8230;]<\/a><\/p>\n","protected":false},"author":64,"featured_media":22158,"comment_status":"closed","ping_status":"closed","sticky":false,"template":"","format":"standard","meta":{"footnotes":""},"categories":[7],"tags":[],"class_list":["post-22157","post","type-post","status-publish","format-standard","has-post-thumbnail","hentry","category-ecologicas"],"_links":{"self":[{"href":"https:\/\/sertv.gob.pa\/crisolfm\/wp-json\/wp\/v2\/posts\/22157","targetHints":{"allow":["GET"]}}],"collection":[{"href":"https:\/\/sertv.gob.pa\/crisolfm\/wp-json\/wp\/v2\/posts"}],"about":[{"href":"https:\/\/sertv.gob.pa\/crisolfm\/wp-json\/wp\/v2\/types\/post"}],"author":[{"embeddable":true,"href":"https:\/\/sertv.gob.pa\/crisolfm\/wp-json\/wp\/v2\/users\/64"}],"replies":[{"embeddable":true,"href":"https:\/\/sertv.gob.pa\/crisolfm\/wp-json\/wp\/v2\/comments?post=22157"}],"version-history":[{"count":1,"href":"https:\/\/sertv.gob.pa\/crisolfm\/wp-json\/wp\/v2\/posts\/22157\/revisions"}],"predecessor-version":[{"id":22159,"href":"https:\/\/sertv.gob.pa\/crisolfm\/wp-json\/wp\/v2\/posts\/22157\/revisions\/22159"}],"wp:featuredmedia":[{"embeddable":true,"href":"https:\/\/sertv.gob.pa\/crisolfm\/wp-json\/wp\/v2\/media\/22158"}],"wp:attachment":[{"href":"https:\/\/sertv.gob.pa\/crisolfm\/wp-json\/wp\/v2\/media?parent=22157"}],"wp:term":[{"taxonomy":"category","embeddable":true,"href":"https:\/\/sertv.gob.pa\/crisolfm\/wp-json\/wp\/v2\/categories?post=22157"},{"taxonomy":"post_tag","embeddable":true,"href":"https:\/\/sertv.gob.pa\/crisolfm\/wp-json\/wp\/v2\/tags?post=22157"}],"curies":[{"name":"wp","href":"https:\/\/api.w.org\/{rel}","templated":true}]}}