{"id":22160,"date":"2019-09-09T13:57:58","date_gmt":"2019-09-09T13:57:58","guid":{"rendered":"https:\/\/sertv.gob.pa\/crisolfm\/?p=22160"},"modified":"2019-09-09T13:57:58","modified_gmt":"2019-09-09T13:57:58","slug":"artemio-bebito-vargas-la-voz-de-las-tradiciones-fue-homenajeado-en-la-an","status":"publish","type":"post","link":"https:\/\/sertv.gob.pa\/crisolfm\/artemio-bebito-vargas-la-voz-de-las-tradiciones-fue-homenajeado-en-la-an\/","title":{"rendered":"Artemio \u201cBebito\u201d Vargas, la voz de las tradiciones fue homenajeado en la AN"},"content":{"rendered":"<p>El cantor de m\u00fasica folcl\u00f3rica fue homenajeado en la Asamblea Nacional de Panam\u00e1 por su trayectoria y aporte a la cultura. Durante su ponencia en el pleno, inst\u00f3 a las autoridades a fomentar el inter\u00e9s por las tradiciones<\/p>\n<p>Artemio\u00a0\u201cBebito\u201d Vargas naci\u00f3 en el pueblo de La Miel en Los Santos y\u00a0a sus 17 a\u00f1os empez\u00f3 su carrera como cantor profesional de d\u00e9cima, en el entonces llamado Jard\u00edn de Santa Cruz.<\/p>\n<p>Desde entonces, se ha destacado por impulsar este g\u00e9nero musical y es reconocido por ser uno de sus principales exponentes de Panam\u00e1.<\/p>\n<p>&nbsp;<\/p>\n","protected":false},"excerpt":{"rendered":"<p>El cantor de m\u00fasica folcl\u00f3rica fue homenajeado en la Asamblea <a href=\"https:\/\/sertv.gob.pa\/crisolfm\/artemio-bebito-vargas-la-voz-de-las-tradiciones-fue-homenajeado-en-la-an\/\"> [&#8230;]<\/a><\/p>\n","protected":false},"author":64,"featured_media":22161,"comment_status":"closed","ping_status":"closed","sticky":false,"template":"","format":"standard","meta":{"footnotes":""},"categories":[6],"tags":[],"class_list":["post-22160","post","type-post","status-publish","format-standard","has-post-thumbnail","hentry","category-culturales"],"_links":{"self":[{"href":"https:\/\/sertv.gob.pa\/crisolfm\/wp-json\/wp\/v2\/posts\/22160","targetHints":{"allow":["GET"]}}],"collection":[{"href":"https:\/\/sertv.gob.pa\/crisolfm\/wp-json\/wp\/v2\/posts"}],"about":[{"href":"https:\/\/sertv.gob.pa\/crisolfm\/wp-json\/wp\/v2\/types\/post"}],"author":[{"embeddable":true,"href":"https:\/\/sertv.gob.pa\/crisolfm\/wp-json\/wp\/v2\/users\/64"}],"replies":[{"embeddable":true,"href":"https:\/\/sertv.gob.pa\/crisolfm\/wp-json\/wp\/v2\/comments?post=22160"}],"version-history":[{"count":1,"href":"https:\/\/sertv.gob.pa\/crisolfm\/wp-json\/wp\/v2\/posts\/22160\/revisions"}],"predecessor-version":[{"id":22162,"href":"https:\/\/sertv.gob.pa\/crisolfm\/wp-json\/wp\/v2\/posts\/22160\/revisions\/22162"}],"wp:featuredmedia":[{"embeddable":true,"href":"https:\/\/sertv.gob.pa\/crisolfm\/wp-json\/wp\/v2\/media\/22161"}],"wp:attachment":[{"href":"https:\/\/sertv.gob.pa\/crisolfm\/wp-json\/wp\/v2\/media?parent=22160"}],"wp:term":[{"taxonomy":"category","embeddable":true,"href":"https:\/\/sertv.gob.pa\/crisolfm\/wp-json\/wp\/v2\/categories?post=22160"},{"taxonomy":"post_tag","embeddable":true,"href":"https:\/\/sertv.gob.pa\/crisolfm\/wp-json\/wp\/v2\/tags?post=22160"}],"curies":[{"name":"wp","href":"https:\/\/api.w.org\/{rel}","templated":true}]}}