{"id":22163,"date":"2019-09-09T14:17:47","date_gmt":"2019-09-09T14:17:47","guid":{"rendered":"https:\/\/sertv.gob.pa\/crisolfm\/?p=22163"},"modified":"2019-09-09T14:17:47","modified_gmt":"2019-09-09T14:17:47","slug":"exhibicion-en-nueva-york-celebra-el-25-aniversario-de-friends","status":"publish","type":"post","link":"https:\/\/sertv.gob.pa\/crisolfm\/exhibicion-en-nueva-york-celebra-el-25-aniversario-de-friends\/","title":{"rendered":"Exhibici\u00f3n en Nueva York celebra el 25 aniversario de \u201cFriends\u201d"},"content":{"rendered":"<p>El famoso sof\u00e1 naranja del caf\u00e9 Central Perk, los sillones reclinables de Chandler y Joey y la guitarra de Phoebe: todos estos objetos se exhiben en una exposici\u00f3n para conmemorar el aniversario 25 de la exitosa serie de comedia \u00abFriends\u00bb.<\/p>\n<p>La muestra emergente se inaugur\u00f3 en Nueva York el s\u00e1bado como parte de las celebraciones que marcan un cuarto de siglo desde que el primer episodio se emiti\u00f3 en la cadena NBC y se extender\u00e1 hasta el 6 de octubre. Tambi\u00e9n es una forma para Warner Bros de aprovechar la popularidad aparentemente interminable de esta comedia, 15 a\u00f1os despu\u00e9s de que se emitiera el \u00faltimo episodio, en mayo de 2004.<\/p>\n<p>\u00abEs como un museo. La cantidad de detalles, de accesorios de utiler\u00eda y artesan\u00eda que se han puesto para este evento es asombrosa\u00bb, dijo James Michael Tyler, quien interpret\u00f3 a Gunther, el t\u00edmido mesero enamorado de Rachel.<\/p>\n<p>AFP<\/p>\n","protected":false},"excerpt":{"rendered":"<p>El famoso sof\u00e1 naranja del caf\u00e9 Central Perk, los sillones <a href=\"https:\/\/sertv.gob.pa\/crisolfm\/exhibicion-en-nueva-york-celebra-el-25-aniversario-de-friends\/\"> [&#8230;]<\/a><\/p>\n","protected":false},"author":64,"featured_media":22164,"comment_status":"closed","ping_status":"closed","sticky":false,"template":"","format":"standard","meta":{"footnotes":""},"categories":[6],"tags":[],"class_list":["post-22163","post","type-post","status-publish","format-standard","has-post-thumbnail","hentry","category-culturales"],"_links":{"self":[{"href":"https:\/\/sertv.gob.pa\/crisolfm\/wp-json\/wp\/v2\/posts\/22163","targetHints":{"allow":["GET"]}}],"collection":[{"href":"https:\/\/sertv.gob.pa\/crisolfm\/wp-json\/wp\/v2\/posts"}],"about":[{"href":"https:\/\/sertv.gob.pa\/crisolfm\/wp-json\/wp\/v2\/types\/post"}],"author":[{"embeddable":true,"href":"https:\/\/sertv.gob.pa\/crisolfm\/wp-json\/wp\/v2\/users\/64"}],"replies":[{"embeddable":true,"href":"https:\/\/sertv.gob.pa\/crisolfm\/wp-json\/wp\/v2\/comments?post=22163"}],"version-history":[{"count":1,"href":"https:\/\/sertv.gob.pa\/crisolfm\/wp-json\/wp\/v2\/posts\/22163\/revisions"}],"predecessor-version":[{"id":22165,"href":"https:\/\/sertv.gob.pa\/crisolfm\/wp-json\/wp\/v2\/posts\/22163\/revisions\/22165"}],"wp:featuredmedia":[{"embeddable":true,"href":"https:\/\/sertv.gob.pa\/crisolfm\/wp-json\/wp\/v2\/media\/22164"}],"wp:attachment":[{"href":"https:\/\/sertv.gob.pa\/crisolfm\/wp-json\/wp\/v2\/media?parent=22163"}],"wp:term":[{"taxonomy":"category","embeddable":true,"href":"https:\/\/sertv.gob.pa\/crisolfm\/wp-json\/wp\/v2\/categories?post=22163"},{"taxonomy":"post_tag","embeddable":true,"href":"https:\/\/sertv.gob.pa\/crisolfm\/wp-json\/wp\/v2\/tags?post=22163"}],"curies":[{"name":"wp","href":"https:\/\/api.w.org\/{rel}","templated":true}]}}