{"id":22169,"date":"2019-09-09T14:33:39","date_gmt":"2019-09-09T14:33:39","guid":{"rendered":"https:\/\/sertv.gob.pa\/crisolfm\/?p=22169"},"modified":"2019-09-09T14:33:39","modified_gmt":"2019-09-09T14:33:39","slug":"espana-lamenta-la-reanudacion-de-la-caza-de-ballenas-por-parte-de-japon","status":"publish","type":"post","link":"https:\/\/sertv.gob.pa\/crisolfm\/espana-lamenta-la-reanudacion-de-la-caza-de-ballenas-por-parte-de-japon\/","title":{"rendered":"Espa\u00f1a &#8216;lamenta&#8217; la reanudaci\u00f3n de la caza de ballenas, por parte de Jap\u00f3n"},"content":{"rendered":"<p>El Gobierno ha asegurado que<strong> lamenta la decisi\u00f3n de Jap\u00f3n<\/strong>, de reanudar la caza de ballenas, e insta a este pa\u00eds a no desafiar los progresos realizados en esta materia, en consonancia con la Declaraci\u00f3n compartida por la Convenci\u00f3n Internacional que regula la Pesca de la Ballena, la Uni\u00f3n Europea y sus Estados miembros, adoptada el pasado 15 de enero. Seg\u00fan ha informado el Ejecutivo por escrito al senador Carles Mulet, miembro de la \u2018Asociaci\u00f3n Parlamentaria en Defensa de los Derechos de los Animales\u2019 (APDDA), \u201cesta Declaraci\u00f3n fue remitida a la Comisi\u00f3n Ballenera Internacional y distribuida a todos sus miembros y observadores\u201d.<\/p>\n<p>En la respuesta escrita, se detalla que la UE y sus Estados miembros \u2013 parte de la Convenci\u00f3n \u2013han participado y liderado varias iniciativas contra las actividades balleneras de Jap\u00f3n e Islandia, al amparo de los permisos especiales conocidos como <strong>\u201ccaza cient\u00edfica\u201d,<\/strong> y tambi\u00e9n contra la caza comercial por parte de Noruega e Islandia, amparados en sus respectivas objeciones a la caza comercial de ballenas adoptada por la Comisi\u00f3n Ballenera Internacional.<\/p>\n<p>El senador Mulet pregunt\u00f3 al Gobierno, el pasado mes de julio, las medidas que la diplomacia espa\u00f1ola adoptar\u00eda, para exigir a Jap\u00f3n &#8211; y al resto de pa\u00edses que practican esta actividad \u2013 el <strong>cese de la caza ballenera<\/strong>. Fue poco despu\u00e9s de la salida efectiva de Jap\u00f3n dela \u2018Comisi\u00f3n Ballenera Internacional\u2019y del reinicio de su caza.<\/p>\n<p>ECOticias<\/p>\n","protected":false},"excerpt":{"rendered":"<p>El Gobierno ha asegurado que lamenta la decisi\u00f3n de Jap\u00f3n, <a href=\"https:\/\/sertv.gob.pa\/crisolfm\/espana-lamenta-la-reanudacion-de-la-caza-de-ballenas-por-parte-de-japon\/\"> [&#8230;]<\/a><\/p>\n","protected":false},"author":64,"featured_media":22170,"comment_status":"closed","ping_status":"closed","sticky":false,"template":"","format":"standard","meta":{"footnotes":""},"categories":[7],"tags":[],"class_list":["post-22169","post","type-post","status-publish","format-standard","has-post-thumbnail","hentry","category-ecologicas"],"_links":{"self":[{"href":"https:\/\/sertv.gob.pa\/crisolfm\/wp-json\/wp\/v2\/posts\/22169","targetHints":{"allow":["GET"]}}],"collection":[{"href":"https:\/\/sertv.gob.pa\/crisolfm\/wp-json\/wp\/v2\/posts"}],"about":[{"href":"https:\/\/sertv.gob.pa\/crisolfm\/wp-json\/wp\/v2\/types\/post"}],"author":[{"embeddable":true,"href":"https:\/\/sertv.gob.pa\/crisolfm\/wp-json\/wp\/v2\/users\/64"}],"replies":[{"embeddable":true,"href":"https:\/\/sertv.gob.pa\/crisolfm\/wp-json\/wp\/v2\/comments?post=22169"}],"version-history":[{"count":1,"href":"https:\/\/sertv.gob.pa\/crisolfm\/wp-json\/wp\/v2\/posts\/22169\/revisions"}],"predecessor-version":[{"id":22171,"href":"https:\/\/sertv.gob.pa\/crisolfm\/wp-json\/wp\/v2\/posts\/22169\/revisions\/22171"}],"wp:featuredmedia":[{"embeddable":true,"href":"https:\/\/sertv.gob.pa\/crisolfm\/wp-json\/wp\/v2\/media\/22170"}],"wp:attachment":[{"href":"https:\/\/sertv.gob.pa\/crisolfm\/wp-json\/wp\/v2\/media?parent=22169"}],"wp:term":[{"taxonomy":"category","embeddable":true,"href":"https:\/\/sertv.gob.pa\/crisolfm\/wp-json\/wp\/v2\/categories?post=22169"},{"taxonomy":"post_tag","embeddable":true,"href":"https:\/\/sertv.gob.pa\/crisolfm\/wp-json\/wp\/v2\/tags?post=22169"}],"curies":[{"name":"wp","href":"https:\/\/api.w.org\/{rel}","templated":true}]}}