{"id":22196,"date":"2019-09-10T13:29:26","date_gmt":"2019-09-10T13:29:26","guid":{"rendered":"https:\/\/sertv.gob.pa\/crisolfm\/?p=22196"},"modified":"2019-09-10T13:29:26","modified_gmt":"2019-09-10T13:29:26","slug":"dialogaran-sobre-futuro-del-cine-panameno-en-festival-de-cine-icaro","status":"publish","type":"post","link":"https:\/\/sertv.gob.pa\/crisolfm\/dialogaran-sobre-futuro-del-cine-panameno-en-festival-de-cine-icaro\/","title":{"rendered":"Dialogar\u00e1n sobre futuro del cine paname\u00f1o en Festival de cine \u00cdCARO"},"content":{"rendered":"<p>El Festival de Cine \u00cdCARO Panam\u00e1 2019 presentar\u00e1 una mesa redonda titulada \u201cLa Creaci\u00f3n del Ministerio de Cultura y su\u00a0incidencia en el Futuro del Quehacer Cinematogr\u00e1fico Nacional\u201d, este mi\u00e9rcoles 11, a las 5:00 p.m., en el Cine Universitario de la Universidad de Panam\u00e1.<\/p>\n<p>A la actividad asistir\u00e1 el Ministro de Cultura, Carlos Aguilar, Edgar Sober\u00f3n por REDCREA, Jos\u00e9 Luis Rodr\u00edguez por PROCINEMA y Luis Pacheco por ASOCINE, quienes intercambiar\u00e1n ideas y opiniones sobre el porvenir del cine paname\u00f1o.<\/p>\n<p>Adem\u00e1s, hasta el viernes 13, habr\u00e1 muestras de las mejores producciones f\u00edlmicas de Centro Am\u00e9rica, al igual que una selecci\u00f3n de pel\u00edculas internacionales, en funciones gratuitas, en el Cine Universitario y tambi\u00e9n en Col\u00f3n, David, Puerto Armuelles, Changuinola y Almirante.<\/p>\n<p>&nbsp;<\/p>\n","protected":false},"excerpt":{"rendered":"<p>El Festival de Cine \u00cdCARO Panam\u00e1 2019 presentar\u00e1 una mesa <a href=\"https:\/\/sertv.gob.pa\/crisolfm\/dialogaran-sobre-futuro-del-cine-panameno-en-festival-de-cine-icaro\/\"> [&#8230;]<\/a><\/p>\n","protected":false},"author":64,"featured_media":22197,"comment_status":"closed","ping_status":"closed","sticky":false,"template":"","format":"standard","meta":{"footnotes":""},"categories":[6],"tags":[],"class_list":["post-22196","post","type-post","status-publish","format-standard","has-post-thumbnail","hentry","category-culturales"],"_links":{"self":[{"href":"https:\/\/sertv.gob.pa\/crisolfm\/wp-json\/wp\/v2\/posts\/22196","targetHints":{"allow":["GET"]}}],"collection":[{"href":"https:\/\/sertv.gob.pa\/crisolfm\/wp-json\/wp\/v2\/posts"}],"about":[{"href":"https:\/\/sertv.gob.pa\/crisolfm\/wp-json\/wp\/v2\/types\/post"}],"author":[{"embeddable":true,"href":"https:\/\/sertv.gob.pa\/crisolfm\/wp-json\/wp\/v2\/users\/64"}],"replies":[{"embeddable":true,"href":"https:\/\/sertv.gob.pa\/crisolfm\/wp-json\/wp\/v2\/comments?post=22196"}],"version-history":[{"count":1,"href":"https:\/\/sertv.gob.pa\/crisolfm\/wp-json\/wp\/v2\/posts\/22196\/revisions"}],"predecessor-version":[{"id":22198,"href":"https:\/\/sertv.gob.pa\/crisolfm\/wp-json\/wp\/v2\/posts\/22196\/revisions\/22198"}],"wp:featuredmedia":[{"embeddable":true,"href":"https:\/\/sertv.gob.pa\/crisolfm\/wp-json\/wp\/v2\/media\/22197"}],"wp:attachment":[{"href":"https:\/\/sertv.gob.pa\/crisolfm\/wp-json\/wp\/v2\/media?parent=22196"}],"wp:term":[{"taxonomy":"category","embeddable":true,"href":"https:\/\/sertv.gob.pa\/crisolfm\/wp-json\/wp\/v2\/categories?post=22196"},{"taxonomy":"post_tag","embeddable":true,"href":"https:\/\/sertv.gob.pa\/crisolfm\/wp-json\/wp\/v2\/tags?post=22196"}],"curies":[{"name":"wp","href":"https:\/\/api.w.org\/{rel}","templated":true}]}}