{"id":22199,"date":"2019-09-10T13:37:16","date_gmt":"2019-09-10T13:37:16","guid":{"rendered":"https:\/\/sertv.gob.pa\/crisolfm\/?p=22199"},"modified":"2019-09-10T13:37:16","modified_gmt":"2019-09-10T13:37:16","slug":"ninos-y-jovenes-de-la-red-ofrecieron-un-espectaculo-orquestal","status":"publish","type":"post","link":"https:\/\/sertv.gob.pa\/crisolfm\/ninos-y-jovenes-de-la-red-ofrecieron-un-espectaculo-orquestal\/","title":{"rendered":"Ni\u00f1os y j\u00f3venes de la Red ofrecieron un espect\u00e1culo orquestal"},"content":{"rendered":"<p>Ni\u00f1os y j\u00f3venes talentosos de las principales agrupaciones de La Red brindaron un espect\u00e1culo en los 2 conciertos de cierre del Tercer Campamento de Canto Coral y Pr\u00e1ctica Orquestal, el pasado 7 y 8 de septiembre en las ciudades de Panam\u00e1 y Aguadulce.<\/p>\n<p>Los Ni\u00f1os Cantores de Panam\u00e1, Coro Juvenil Nacional y la Orquesta Sinf\u00f3nica Juvenil Nacional, agrupaciones de La Red de Orquestas y Coros Juveniles de Panam\u00e1 brindaron un repertorio que incluy\u00f3 piezas de Valdivieso (E. Quintero), Peer Gynt Suite No.1 (E. Grieg), Requiem-Kyrie (G. Faur\u00e9), Alas a Malala (A. M\u00e1rquez), Marcha Eslava (P. I. Tchaikovsky) entre otros, donde aplicaron los conocimientos adquiridos durante los 8 d\u00edas de campamento.<\/p>\n<p>\u201cLa semana de campamento fue intensa y muy productiva, se not\u00f3 el avance importante el crecimiento espiritual en los j\u00f3venes y ni\u00f1os que aprendieron a disfrutar y entender que este es un proceso que necesita disciplina.\u201d, se\u00f1al\u00f3 Cesar Iv\u00e1n Lara, director Orquestal.<\/p>\n<p>&nbsp;<\/p>\n<p>&nbsp;<\/p>\n","protected":false},"excerpt":{"rendered":"<p>Ni\u00f1os y j\u00f3venes talentosos de las principales agrupaciones de La <a href=\"https:\/\/sertv.gob.pa\/crisolfm\/ninos-y-jovenes-de-la-red-ofrecieron-un-espectaculo-orquestal\/\"> [&#8230;]<\/a><\/p>\n","protected":false},"author":64,"featured_media":22200,"comment_status":"closed","ping_status":"closed","sticky":false,"template":"","format":"standard","meta":{"footnotes":""},"categories":[6],"tags":[],"class_list":["post-22199","post","type-post","status-publish","format-standard","has-post-thumbnail","hentry","category-culturales"],"_links":{"self":[{"href":"https:\/\/sertv.gob.pa\/crisolfm\/wp-json\/wp\/v2\/posts\/22199","targetHints":{"allow":["GET"]}}],"collection":[{"href":"https:\/\/sertv.gob.pa\/crisolfm\/wp-json\/wp\/v2\/posts"}],"about":[{"href":"https:\/\/sertv.gob.pa\/crisolfm\/wp-json\/wp\/v2\/types\/post"}],"author":[{"embeddable":true,"href":"https:\/\/sertv.gob.pa\/crisolfm\/wp-json\/wp\/v2\/users\/64"}],"replies":[{"embeddable":true,"href":"https:\/\/sertv.gob.pa\/crisolfm\/wp-json\/wp\/v2\/comments?post=22199"}],"version-history":[{"count":1,"href":"https:\/\/sertv.gob.pa\/crisolfm\/wp-json\/wp\/v2\/posts\/22199\/revisions"}],"predecessor-version":[{"id":22201,"href":"https:\/\/sertv.gob.pa\/crisolfm\/wp-json\/wp\/v2\/posts\/22199\/revisions\/22201"}],"wp:featuredmedia":[{"embeddable":true,"href":"https:\/\/sertv.gob.pa\/crisolfm\/wp-json\/wp\/v2\/media\/22200"}],"wp:attachment":[{"href":"https:\/\/sertv.gob.pa\/crisolfm\/wp-json\/wp\/v2\/media?parent=22199"}],"wp:term":[{"taxonomy":"category","embeddable":true,"href":"https:\/\/sertv.gob.pa\/crisolfm\/wp-json\/wp\/v2\/categories?post=22199"},{"taxonomy":"post_tag","embeddable":true,"href":"https:\/\/sertv.gob.pa\/crisolfm\/wp-json\/wp\/v2\/tags?post=22199"}],"curies":[{"name":"wp","href":"https:\/\/api.w.org\/{rel}","templated":true}]}}