{"id":22205,"date":"2019-09-10T14:01:45","date_gmt":"2019-09-10T14:01:45","guid":{"rendered":"https:\/\/sertv.gob.pa\/crisolfm\/?p=22205"},"modified":"2019-09-10T14:01:45","modified_gmt":"2019-09-10T14:01:45","slug":"conoce-las-marcas-de-coche-que-mas-co2-emiten","status":"publish","type":"post","link":"https:\/\/sertv.gob.pa\/crisolfm\/conoce-las-marcas-de-coche-que-mas-co2-emiten\/","title":{"rendered":"Conoce las marcas de coche que m\u00e1s CO2 emiten"},"content":{"rendered":"<p>La huella de carbono de\u00a0la industria del autom\u00f3vil supone el <strong>9% de las emisiones globales<\/strong> de gases de efecto invernadero, de acuerdo a un nuevo informe de Greenpeace. Este estudio cuantifica las emisiones de los veh\u00edculos fabricados en 2018 durante todo su ciclo de vida y responsabiliza a los fabricantes por su inacci\u00f3n para cumplir con los compromisos de reducci\u00f3n de CO2 fijados por la ONU. El informe\u00a0<a href=\"https:\/\/es.greenpeace.org\/es\/wp-content\/uploads\/sites\/3\/2019\/09\/gp_cleanairnow_carindustryreport_full_v5_0919_72ppi_0.pdf\" target=\"_blank\" rel=\"noopener\">\u201c<\/a><em><a href=\"https:\/\/es.greenpeace.org\/es\/wp-content\/uploads\/sites\/3\/2019\/09\/gp_cleanairnow_carindustryreport_full_v5_0919_72ppi_0.pdf\" target=\"_blank\" rel=\"noopener\">Aceleradores del cambio clim\u00e1tico: las marcas de coche m\u00e1s contaminantes\u201d,<\/a>\u00a0<\/em>lanzado por Greenpeace en puertas de la Semana de la Movilidad 2019, que arranca el pr\u00f3ximo lunes 16, analiza las doce principales compa\u00f1\u00edas y su impacto en el clima.<\/p>\n<p>Dentro de los doce fabricantes m\u00e1s \u201csucios\u201d,\u00a0el mayor emisor es el grupo <strong>Volkswagen<\/strong> (fabricante de SEAT, \u0160koda y Audi) el cual, junto a Renault-Nissan, Toyota, General Motors y Hyundai-Kia, completan el \u2018top 5\u2019 de los m\u00e1s contaminantes de la industria del autom\u00f3vil. En su conjunto, estos cinco fabricantes son responsables de 2,6 gigantones de CO2, casi 8 veces m\u00e1s que todo el CO2 equivalente emitido en Espa\u00f1a en 2018.<\/p>\n<p>ECOticias<\/p>\n","protected":false},"excerpt":{"rendered":"<p>La huella de carbono de\u00a0la industria del autom\u00f3vil supone el <a href=\"https:\/\/sertv.gob.pa\/crisolfm\/conoce-las-marcas-de-coche-que-mas-co2-emiten\/\"> [&#8230;]<\/a><\/p>\n","protected":false},"author":64,"featured_media":22207,"comment_status":"closed","ping_status":"closed","sticky":false,"template":"","format":"standard","meta":{"footnotes":""},"categories":[7],"tags":[],"class_list":["post-22205","post","type-post","status-publish","format-standard","has-post-thumbnail","hentry","category-ecologicas"],"_links":{"self":[{"href":"https:\/\/sertv.gob.pa\/crisolfm\/wp-json\/wp\/v2\/posts\/22205","targetHints":{"allow":["GET"]}}],"collection":[{"href":"https:\/\/sertv.gob.pa\/crisolfm\/wp-json\/wp\/v2\/posts"}],"about":[{"href":"https:\/\/sertv.gob.pa\/crisolfm\/wp-json\/wp\/v2\/types\/post"}],"author":[{"embeddable":true,"href":"https:\/\/sertv.gob.pa\/crisolfm\/wp-json\/wp\/v2\/users\/64"}],"replies":[{"embeddable":true,"href":"https:\/\/sertv.gob.pa\/crisolfm\/wp-json\/wp\/v2\/comments?post=22205"}],"version-history":[{"count":1,"href":"https:\/\/sertv.gob.pa\/crisolfm\/wp-json\/wp\/v2\/posts\/22205\/revisions"}],"predecessor-version":[{"id":22208,"href":"https:\/\/sertv.gob.pa\/crisolfm\/wp-json\/wp\/v2\/posts\/22205\/revisions\/22208"}],"wp:featuredmedia":[{"embeddable":true,"href":"https:\/\/sertv.gob.pa\/crisolfm\/wp-json\/wp\/v2\/media\/22207"}],"wp:attachment":[{"href":"https:\/\/sertv.gob.pa\/crisolfm\/wp-json\/wp\/v2\/media?parent=22205"}],"wp:term":[{"taxonomy":"category","embeddable":true,"href":"https:\/\/sertv.gob.pa\/crisolfm\/wp-json\/wp\/v2\/categories?post=22205"},{"taxonomy":"post_tag","embeddable":true,"href":"https:\/\/sertv.gob.pa\/crisolfm\/wp-json\/wp\/v2\/tags?post=22205"}],"curies":[{"name":"wp","href":"https:\/\/api.w.org\/{rel}","templated":true}]}}