{"id":22225,"date":"2019-09-10T18:17:37","date_gmt":"2019-09-10T18:17:37","guid":{"rendered":"https:\/\/sertv.gob.pa\/crisolfm\/?p=22225"},"modified":"2019-09-10T18:17:37","modified_gmt":"2019-09-10T18:17:37","slug":"politica-de-frenar-la-tala-indiscriminada-es-reiterada-por-el-ministro-de-ambiente","status":"publish","type":"post","link":"https:\/\/sertv.gob.pa\/crisolfm\/politica-de-frenar-la-tala-indiscriminada-es-reiterada-por-el-ministro-de-ambiente\/","title":{"rendered":"Pol\u00edtica de frenar la tala indiscriminada es reiterada por el Ministro de Ambiente"},"content":{"rendered":"<p>El ministro de Ambiente, Milciades Concepci\u00f3n, reiter\u00f3 este martes 10 de septiembre que su administraci\u00f3n busca frenar la tala indiscriminada en el pa\u00eds y que la resoluci\u00f3n que suspende por un a\u00f1o la concesi\u00f3n de permisos para talar, va en esa direcci\u00f3n, al tiempo que inform\u00f3 que sostuvo reuniones con algunos sectores para explicar el alcance de la medida.<\/p>\n<p>Luego del anuncio hecho por el Ministerio de Ambiente sobre la nueva disposici\u00f3n, ebanistas del pa\u00eds manifestaron su preocupaci\u00f3n porque se ver\u00edan afectados por la norma; no obstante, Concepci\u00f3n expres\u00f3 en conferencia de prensa que esta actividad artesanal no tendr\u00e1 problemas.<\/p>\n<p>&nbsp;<\/p>\n<p>&nbsp;<\/p>\n<p>&nbsp;<\/p>\n","protected":false},"excerpt":{"rendered":"<p>El ministro de Ambiente, Milciades Concepci\u00f3n, reiter\u00f3 este martes 10 <a href=\"https:\/\/sertv.gob.pa\/crisolfm\/politica-de-frenar-la-tala-indiscriminada-es-reiterada-por-el-ministro-de-ambiente\/\"> [&#8230;]<\/a><\/p>\n","protected":false},"author":64,"featured_media":22226,"comment_status":"closed","ping_status":"closed","sticky":false,"template":"","format":"standard","meta":{"footnotes":""},"categories":[7],"tags":[],"class_list":["post-22225","post","type-post","status-publish","format-standard","has-post-thumbnail","hentry","category-ecologicas"],"_links":{"self":[{"href":"https:\/\/sertv.gob.pa\/crisolfm\/wp-json\/wp\/v2\/posts\/22225","targetHints":{"allow":["GET"]}}],"collection":[{"href":"https:\/\/sertv.gob.pa\/crisolfm\/wp-json\/wp\/v2\/posts"}],"about":[{"href":"https:\/\/sertv.gob.pa\/crisolfm\/wp-json\/wp\/v2\/types\/post"}],"author":[{"embeddable":true,"href":"https:\/\/sertv.gob.pa\/crisolfm\/wp-json\/wp\/v2\/users\/64"}],"replies":[{"embeddable":true,"href":"https:\/\/sertv.gob.pa\/crisolfm\/wp-json\/wp\/v2\/comments?post=22225"}],"version-history":[{"count":1,"href":"https:\/\/sertv.gob.pa\/crisolfm\/wp-json\/wp\/v2\/posts\/22225\/revisions"}],"predecessor-version":[{"id":22227,"href":"https:\/\/sertv.gob.pa\/crisolfm\/wp-json\/wp\/v2\/posts\/22225\/revisions\/22227"}],"wp:featuredmedia":[{"embeddable":true,"href":"https:\/\/sertv.gob.pa\/crisolfm\/wp-json\/wp\/v2\/media\/22226"}],"wp:attachment":[{"href":"https:\/\/sertv.gob.pa\/crisolfm\/wp-json\/wp\/v2\/media?parent=22225"}],"wp:term":[{"taxonomy":"category","embeddable":true,"href":"https:\/\/sertv.gob.pa\/crisolfm\/wp-json\/wp\/v2\/categories?post=22225"},{"taxonomy":"post_tag","embeddable":true,"href":"https:\/\/sertv.gob.pa\/crisolfm\/wp-json\/wp\/v2\/tags?post=22225"}],"curies":[{"name":"wp","href":"https:\/\/api.w.org\/{rel}","templated":true}]}}