{"id":22237,"date":"2019-09-11T14:01:11","date_gmt":"2019-09-11T14:01:11","guid":{"rendered":"https:\/\/sertv.gob.pa\/crisolfm\/?p=22237"},"modified":"2019-09-11T14:01:11","modified_gmt":"2019-09-11T14:01:11","slug":"trasladan-a-tanzania-9-rinocerontes-negros-sudafricanos","status":"publish","type":"post","link":"https:\/\/sertv.gob.pa\/crisolfm\/trasladan-a-tanzania-9-rinocerontes-negros-sudafricanos\/","title":{"rendered":"Trasladan a Tanzania 9 rinocerontes negros sudafricanos"},"content":{"rendered":"<p>Nueve rinocerontes negros de Sud\u00e1frica llegaron al parque natural de Serengeti, en Tanzania, en el marco de un proyecto de repoblaci\u00f3n de esta especie en peligro, indicaron las autoridades tanzanas.<\/p>\n<p>Los animales proceden de Thaba Tholo, una reserva en Sud\u00e1frica, y llegaron el martes por la ma\u00f1ana. Luego fueron llevados a Serengeti, indic\u00f3 el martes el ministro de Recursos Naturales en un comunicado.<\/p>\n<p>\u201cHaremos todo lo que est\u00e9 en nuestras manos para proteger a estos animales\u201d, dijo el viceministro de Recursos Naturales, Constantine Kanyasu.<\/p>\n<p>AFP<\/p>\n","protected":false},"excerpt":{"rendered":"<p>Nueve rinocerontes negros de Sud\u00e1frica llegaron al parque natural de <a href=\"https:\/\/sertv.gob.pa\/crisolfm\/trasladan-a-tanzania-9-rinocerontes-negros-sudafricanos\/\"> [&#8230;]<\/a><\/p>\n","protected":false},"author":64,"featured_media":22238,"comment_status":"closed","ping_status":"closed","sticky":false,"template":"","format":"standard","meta":{"footnotes":""},"categories":[7],"tags":[],"class_list":["post-22237","post","type-post","status-publish","format-standard","has-post-thumbnail","hentry","category-ecologicas"],"_links":{"self":[{"href":"https:\/\/sertv.gob.pa\/crisolfm\/wp-json\/wp\/v2\/posts\/22237","targetHints":{"allow":["GET"]}}],"collection":[{"href":"https:\/\/sertv.gob.pa\/crisolfm\/wp-json\/wp\/v2\/posts"}],"about":[{"href":"https:\/\/sertv.gob.pa\/crisolfm\/wp-json\/wp\/v2\/types\/post"}],"author":[{"embeddable":true,"href":"https:\/\/sertv.gob.pa\/crisolfm\/wp-json\/wp\/v2\/users\/64"}],"replies":[{"embeddable":true,"href":"https:\/\/sertv.gob.pa\/crisolfm\/wp-json\/wp\/v2\/comments?post=22237"}],"version-history":[{"count":1,"href":"https:\/\/sertv.gob.pa\/crisolfm\/wp-json\/wp\/v2\/posts\/22237\/revisions"}],"predecessor-version":[{"id":22239,"href":"https:\/\/sertv.gob.pa\/crisolfm\/wp-json\/wp\/v2\/posts\/22237\/revisions\/22239"}],"wp:featuredmedia":[{"embeddable":true,"href":"https:\/\/sertv.gob.pa\/crisolfm\/wp-json\/wp\/v2\/media\/22238"}],"wp:attachment":[{"href":"https:\/\/sertv.gob.pa\/crisolfm\/wp-json\/wp\/v2\/media?parent=22237"}],"wp:term":[{"taxonomy":"category","embeddable":true,"href":"https:\/\/sertv.gob.pa\/crisolfm\/wp-json\/wp\/v2\/categories?post=22237"},{"taxonomy":"post_tag","embeddable":true,"href":"https:\/\/sertv.gob.pa\/crisolfm\/wp-json\/wp\/v2\/tags?post=22237"}],"curies":[{"name":"wp","href":"https:\/\/api.w.org\/{rel}","templated":true}]}}