{"id":22243,"date":"2019-09-11T14:20:25","date_gmt":"2019-09-11T14:20:25","guid":{"rendered":"https:\/\/sertv.gob.pa\/crisolfm\/?p=22243"},"modified":"2019-09-11T14:20:25","modified_gmt":"2019-09-11T14:20:25","slug":"la-fotografia-llora-la-muerte-de-robert-frank-a-los-94-anos","status":"publish","type":"post","link":"https:\/\/sertv.gob.pa\/crisolfm\/la-fotografia-llora-la-muerte-de-robert-frank-a-los-94-anos\/","title":{"rendered":"La fotograf\u00eda llora la muerte de Robert Frank a los 94 a\u00f1os"},"content":{"rendered":"<p>Robert Frank, un pionero de la fotograf\u00eda documental cuyo estilo crudo y subjetivo lo ubic\u00f3 entre los m\u00e1s grandes fot\u00f3grafos del siglo XXI, muri\u00f3 el lunes en Canad\u00e1, a los 94 a\u00f1os, confirm\u00f3 el martes su galer\u00eda neoyorquina. \u00abRobert falleci\u00f3 anoche por causas naturales en el hospital de Inverness\u00bb, en Nueva Escocia, se\u00f1al\u00f3 a la AFP una portavoz de la galer\u00eda Pace\/MacGill de Manhattan.<\/p>\n<p>Numerosos fot\u00f3grafos se volcaron a las redes sociales para manifestar su pesar y dedicarle palabras de admiraci\u00f3n a quien, con sus c\u00e9lebres im\u00e1genes en blanco y negro del \u00abAmerican Dream\u00bb, hab\u00eda impactado su mirada de las cosas. \u00abDescansa en paz, genio estadounidense\u00bb, tuite\u00f3 Jerry Saltz, cr\u00edtico de la revista New York y galardonado con el Pulitzer de la cr\u00edtica. \u00ab\u00c9l public\u00f3 &#8216;The Americans&#8217; en 1958. Cambi\u00f3 el mundo\u00bb.<\/p>\n<p>Fue precisamente con \u00abLos Americanos\u00bb que el fot\u00f3grafo, que naci\u00f3 en Suiza y lleg\u00f3 a Nueva York a los 23 a\u00f1os, salt\u00f3 a la fama, una mirada franca de la sociedad estadounidense que se torn\u00f3 incre\u00edblemente influyente.<\/p>\n<p>&nbsp;<\/p>\n<p>&nbsp;<\/p>\n","protected":false},"excerpt":{"rendered":"<p>Robert Frank, un pionero de la fotograf\u00eda documental cuyo estilo <a href=\"https:\/\/sertv.gob.pa\/crisolfm\/la-fotografia-llora-la-muerte-de-robert-frank-a-los-94-anos\/\"> [&#8230;]<\/a><\/p>\n","protected":false},"author":64,"featured_media":22244,"comment_status":"closed","ping_status":"closed","sticky":false,"template":"","format":"standard","meta":{"footnotes":""},"categories":[6],"tags":[],"class_list":["post-22243","post","type-post","status-publish","format-standard","has-post-thumbnail","hentry","category-culturales"],"_links":{"self":[{"href":"https:\/\/sertv.gob.pa\/crisolfm\/wp-json\/wp\/v2\/posts\/22243","targetHints":{"allow":["GET"]}}],"collection":[{"href":"https:\/\/sertv.gob.pa\/crisolfm\/wp-json\/wp\/v2\/posts"}],"about":[{"href":"https:\/\/sertv.gob.pa\/crisolfm\/wp-json\/wp\/v2\/types\/post"}],"author":[{"embeddable":true,"href":"https:\/\/sertv.gob.pa\/crisolfm\/wp-json\/wp\/v2\/users\/64"}],"replies":[{"embeddable":true,"href":"https:\/\/sertv.gob.pa\/crisolfm\/wp-json\/wp\/v2\/comments?post=22243"}],"version-history":[{"count":1,"href":"https:\/\/sertv.gob.pa\/crisolfm\/wp-json\/wp\/v2\/posts\/22243\/revisions"}],"predecessor-version":[{"id":22245,"href":"https:\/\/sertv.gob.pa\/crisolfm\/wp-json\/wp\/v2\/posts\/22243\/revisions\/22245"}],"wp:featuredmedia":[{"embeddable":true,"href":"https:\/\/sertv.gob.pa\/crisolfm\/wp-json\/wp\/v2\/media\/22244"}],"wp:attachment":[{"href":"https:\/\/sertv.gob.pa\/crisolfm\/wp-json\/wp\/v2\/media?parent=22243"}],"wp:term":[{"taxonomy":"category","embeddable":true,"href":"https:\/\/sertv.gob.pa\/crisolfm\/wp-json\/wp\/v2\/categories?post=22243"},{"taxonomy":"post_tag","embeddable":true,"href":"https:\/\/sertv.gob.pa\/crisolfm\/wp-json\/wp\/v2\/tags?post=22243"}],"curies":[{"name":"wp","href":"https:\/\/api.w.org\/{rel}","templated":true}]}}