{"id":22267,"date":"2019-09-12T13:23:28","date_gmt":"2019-09-12T13:23:28","guid":{"rendered":"https:\/\/sertv.gob.pa\/crisolfm\/?p=22267"},"modified":"2019-09-12T13:23:28","modified_gmt":"2019-09-12T13:23:28","slug":"nace-la-primera-cria-de-rinoceronte-blanco-en-cuba","status":"publish","type":"post","link":"https:\/\/sertv.gob.pa\/crisolfm\/nace-la-primera-cria-de-rinoceronte-blanco-en-cuba\/","title":{"rendered":"Nace la primera cr\u00eda de rinoceronte blanco en Cuba"},"content":{"rendered":"<p>La primera cr\u00eda de rinoceronte blanco nacida en cautiverio en Cuba en m\u00e1s de 15 a\u00f1os vio la luz este mes en el Zool\u00f3gico Nacional de la isla, que anunci\u00f3 con \u00abenorme orgullo\u00bb la llegada de un nuevo ejemplar de la especie, una de las m\u00e1s amenazadas del mundo. \u00abSentimos un enorme orgullo al presentarles el nacimiento de una especie que hac\u00eda m\u00e1s de 15 a\u00f1os que no ocurr\u00eda y que nos ha llenado de alegr\u00eda y emoci\u00f3n\u00bb, public\u00f3 la instituci\u00f3n en su p\u00e1gina de Facebook, junto a tres fotograf\u00edas del cachorro junto a su madre.<\/p>\n<p>La m\u00e1s joven habitante de la pradera africana del Zool\u00f3gico Nacional se llama \u00abEsperanza Mel\u00bb y naci\u00f3 el pasado 6 de septiembre a las 22:04 hora local, tras 18 meses de gestaci\u00f3n y \u00abun arduo trabajo de observaci\u00f3n y control por parte de t\u00e9cnicos, m\u00e9dicos y bi\u00f3logos\u00bb. Seg\u00fan la instituci\u00f3n, la m\u00e1s importante de su tipo en el pa\u00eds, la beb\u00e9 \u00abse encuentra en buen estado de salud\u00bb junto a su madre, que \u00abla amamanta sin ning\u00fan temor\u00bb.<\/p>\n<p>El Zool\u00f3gico Nacional de Cuba ocupa una gran extensi\u00f3n de tierra en las afueras de La Habana y sirve de hogar a ejemplares procedentes de casi todos los lugares del mundo, entre ellos un grupo de 144 animales de 22 especies que Cuba recibi\u00f3 de Namibia a principios de la actual d\u00e9cada.<\/p>\n<p>EFE<\/p>\n","protected":false},"excerpt":{"rendered":"<p>La primera cr\u00eda de rinoceronte blanco nacida en cautiverio en <a href=\"https:\/\/sertv.gob.pa\/crisolfm\/nace-la-primera-cria-de-rinoceronte-blanco-en-cuba\/\"> [&#8230;]<\/a><\/p>\n","protected":false},"author":64,"featured_media":22268,"comment_status":"closed","ping_status":"closed","sticky":false,"template":"","format":"standard","meta":{"footnotes":""},"categories":[7],"tags":[],"class_list":["post-22267","post","type-post","status-publish","format-standard","has-post-thumbnail","hentry","category-ecologicas"],"_links":{"self":[{"href":"https:\/\/sertv.gob.pa\/crisolfm\/wp-json\/wp\/v2\/posts\/22267","targetHints":{"allow":["GET"]}}],"collection":[{"href":"https:\/\/sertv.gob.pa\/crisolfm\/wp-json\/wp\/v2\/posts"}],"about":[{"href":"https:\/\/sertv.gob.pa\/crisolfm\/wp-json\/wp\/v2\/types\/post"}],"author":[{"embeddable":true,"href":"https:\/\/sertv.gob.pa\/crisolfm\/wp-json\/wp\/v2\/users\/64"}],"replies":[{"embeddable":true,"href":"https:\/\/sertv.gob.pa\/crisolfm\/wp-json\/wp\/v2\/comments?post=22267"}],"version-history":[{"count":1,"href":"https:\/\/sertv.gob.pa\/crisolfm\/wp-json\/wp\/v2\/posts\/22267\/revisions"}],"predecessor-version":[{"id":22269,"href":"https:\/\/sertv.gob.pa\/crisolfm\/wp-json\/wp\/v2\/posts\/22267\/revisions\/22269"}],"wp:featuredmedia":[{"embeddable":true,"href":"https:\/\/sertv.gob.pa\/crisolfm\/wp-json\/wp\/v2\/media\/22268"}],"wp:attachment":[{"href":"https:\/\/sertv.gob.pa\/crisolfm\/wp-json\/wp\/v2\/media?parent=22267"}],"wp:term":[{"taxonomy":"category","embeddable":true,"href":"https:\/\/sertv.gob.pa\/crisolfm\/wp-json\/wp\/v2\/categories?post=22267"},{"taxonomy":"post_tag","embeddable":true,"href":"https:\/\/sertv.gob.pa\/crisolfm\/wp-json\/wp\/v2\/tags?post=22267"}],"curies":[{"name":"wp","href":"https:\/\/api.w.org\/{rel}","templated":true}]}}