{"id":22270,"date":"2019-09-12T13:41:14","date_gmt":"2019-09-12T13:41:14","guid":{"rendered":"https:\/\/sertv.gob.pa\/crisolfm\/?p=22270"},"modified":"2019-09-12T13:41:14","modified_gmt":"2019-09-12T13:41:14","slug":"incendios-en-el-amazonas-el-fuego-sigue-fuera-de-control-en-bolivia","status":"publish","type":"post","link":"https:\/\/sertv.gob.pa\/crisolfm\/incendios-en-el-amazonas-el-fuego-sigue-fuera-de-control-en-bolivia\/","title":{"rendered":"Incendios en el Amazonas: el fuego sigue \u00abfuera de control\u00bb en Bolivia"},"content":{"rendered":"<p>Tras semanas combati\u00e9ndolos, los incendios en Bolivia siguen fuera de control. Los esfuerzos de los aviones cisterna provistos por la comunidad internacional, la acci\u00f3n del gobierno y los miles de efectivos y voluntarios desplazados a la zona cr\u00edtica<strong> no han sido suficientes<\/strong> para aplacar los fuegos. Comenzaron en mayo y se intensificaron el agosto, al igual que en la regi\u00f3n amaz\u00f3nica de la vecina Brasil, y en Bolivia ya han arrasado<strong> dos millones de hect\u00e1reas<\/strong>.<\/p>\n<p>As\u00ed inform\u00f3 este martes Cinthia As\u00edn la secretaria de Medio Ambiente de la Gobernaci\u00f3n de Santa Cruz, el departamento m\u00e1s afectado. \u00abYa vamos m\u00e1s de 2 millones de hect\u00e1reas quemadas en el departamento de Santa Cruz, ya vamos casi un mes (con el problema) y a\u00fan no se declara desastre nacional al pa\u00eds\u00bb. De ellas, m\u00e1s de <strong>758.000 corresponden a bosques quemados<\/strong>, de acuerdo al ministro de Defensa boliviano Javier Zavaleta, y el resto son pastizales.<\/p>\n<p>BBC Mundo<\/p>\n","protected":false},"excerpt":{"rendered":"<p>Tras semanas combati\u00e9ndolos, los incendios en Bolivia siguen fuera de <a href=\"https:\/\/sertv.gob.pa\/crisolfm\/incendios-en-el-amazonas-el-fuego-sigue-fuera-de-control-en-bolivia\/\"> [&#8230;]<\/a><\/p>\n","protected":false},"author":64,"featured_media":22271,"comment_status":"closed","ping_status":"closed","sticky":false,"template":"","format":"standard","meta":{"footnotes":""},"categories":[7],"tags":[],"class_list":["post-22270","post","type-post","status-publish","format-standard","has-post-thumbnail","hentry","category-ecologicas"],"_links":{"self":[{"href":"https:\/\/sertv.gob.pa\/crisolfm\/wp-json\/wp\/v2\/posts\/22270","targetHints":{"allow":["GET"]}}],"collection":[{"href":"https:\/\/sertv.gob.pa\/crisolfm\/wp-json\/wp\/v2\/posts"}],"about":[{"href":"https:\/\/sertv.gob.pa\/crisolfm\/wp-json\/wp\/v2\/types\/post"}],"author":[{"embeddable":true,"href":"https:\/\/sertv.gob.pa\/crisolfm\/wp-json\/wp\/v2\/users\/64"}],"replies":[{"embeddable":true,"href":"https:\/\/sertv.gob.pa\/crisolfm\/wp-json\/wp\/v2\/comments?post=22270"}],"version-history":[{"count":1,"href":"https:\/\/sertv.gob.pa\/crisolfm\/wp-json\/wp\/v2\/posts\/22270\/revisions"}],"predecessor-version":[{"id":22272,"href":"https:\/\/sertv.gob.pa\/crisolfm\/wp-json\/wp\/v2\/posts\/22270\/revisions\/22272"}],"wp:featuredmedia":[{"embeddable":true,"href":"https:\/\/sertv.gob.pa\/crisolfm\/wp-json\/wp\/v2\/media\/22271"}],"wp:attachment":[{"href":"https:\/\/sertv.gob.pa\/crisolfm\/wp-json\/wp\/v2\/media?parent=22270"}],"wp:term":[{"taxonomy":"category","embeddable":true,"href":"https:\/\/sertv.gob.pa\/crisolfm\/wp-json\/wp\/v2\/categories?post=22270"},{"taxonomy":"post_tag","embeddable":true,"href":"https:\/\/sertv.gob.pa\/crisolfm\/wp-json\/wp\/v2\/tags?post=22270"}],"curies":[{"name":"wp","href":"https:\/\/api.w.org\/{rel}","templated":true}]}}