{"id":22282,"date":"2019-09-12T14:34:59","date_gmt":"2019-09-12T14:34:59","guid":{"rendered":"https:\/\/sertv.gob.pa\/crisolfm\/?p=22282"},"modified":"2019-09-12T14:34:59","modified_gmt":"2019-09-12T14:34:59","slug":"mexico-prepara-festejos-por-su-209-aniversario-de-la-independencia","status":"publish","type":"post","link":"https:\/\/sertv.gob.pa\/crisolfm\/mexico-prepara-festejos-por-su-209-aniversario-de-la-independencia\/","title":{"rendered":"M\u00e9xico prepara festejos por su 209 Aniversario de la Independencia"},"content":{"rendered":"<p>La Embajada de M\u00e9xico en Panam\u00e1, en colaboraci\u00f3n con empresas y comunidad mexicanas, organiza actividades para conmemorar el 209 Aniversario del inicio de esta gesta heroica que culmin\u00f3 es su independencia.<\/p>\n<p>El viernes 13 de septiembre a las 9:00 a.m., la Embajada, junto con autoridades paname\u00f1as y la comunidad mexicana residente en el pa\u00eds, rendir\u00e1 una ofrenda floral ante el emblem\u00e1tico monumento al General\u00edsimo Jos\u00e9 Mar\u00eda Morelos y Pav\u00f3n, pr\u00f3cer de la Independencia de M\u00e9xico, ubicado en el Conjunto Monumental Hist\u00f3rico de Panam\u00e1 Viejo, el cual fue donado por el gobierno del General L\u00e1zaro C\u00e1rdenas a como testimonio de la amistad entre nuestras naciones, el 10 de mayo de 1940.<\/p>\n<p>A las 7:00 p.m., se ofrecer\u00e1 la recepci\u00f3n oficial en el Sal\u00f3n Barcelona del Hotel Riu, en el que se presentar\u00e1 una muestra gastron\u00f3mica y cultural mexicana.<\/p>\n<p>&nbsp;<\/p>\n","protected":false},"excerpt":{"rendered":"<p>La Embajada de M\u00e9xico en Panam\u00e1, en colaboraci\u00f3n con empresas <a href=\"https:\/\/sertv.gob.pa\/crisolfm\/mexico-prepara-festejos-por-su-209-aniversario-de-la-independencia\/\"> [&#8230;]<\/a><\/p>\n","protected":false},"author":64,"featured_media":22283,"comment_status":"closed","ping_status":"closed","sticky":false,"template":"","format":"standard","meta":{"footnotes":""},"categories":[6],"tags":[],"class_list":["post-22282","post","type-post","status-publish","format-standard","has-post-thumbnail","hentry","category-culturales"],"_links":{"self":[{"href":"https:\/\/sertv.gob.pa\/crisolfm\/wp-json\/wp\/v2\/posts\/22282","targetHints":{"allow":["GET"]}}],"collection":[{"href":"https:\/\/sertv.gob.pa\/crisolfm\/wp-json\/wp\/v2\/posts"}],"about":[{"href":"https:\/\/sertv.gob.pa\/crisolfm\/wp-json\/wp\/v2\/types\/post"}],"author":[{"embeddable":true,"href":"https:\/\/sertv.gob.pa\/crisolfm\/wp-json\/wp\/v2\/users\/64"}],"replies":[{"embeddable":true,"href":"https:\/\/sertv.gob.pa\/crisolfm\/wp-json\/wp\/v2\/comments?post=22282"}],"version-history":[{"count":1,"href":"https:\/\/sertv.gob.pa\/crisolfm\/wp-json\/wp\/v2\/posts\/22282\/revisions"}],"predecessor-version":[{"id":22284,"href":"https:\/\/sertv.gob.pa\/crisolfm\/wp-json\/wp\/v2\/posts\/22282\/revisions\/22284"}],"wp:featuredmedia":[{"embeddable":true,"href":"https:\/\/sertv.gob.pa\/crisolfm\/wp-json\/wp\/v2\/media\/22283"}],"wp:attachment":[{"href":"https:\/\/sertv.gob.pa\/crisolfm\/wp-json\/wp\/v2\/media?parent=22282"}],"wp:term":[{"taxonomy":"category","embeddable":true,"href":"https:\/\/sertv.gob.pa\/crisolfm\/wp-json\/wp\/v2\/categories?post=22282"},{"taxonomy":"post_tag","embeddable":true,"href":"https:\/\/sertv.gob.pa\/crisolfm\/wp-json\/wp\/v2\/tags?post=22282"}],"curies":[{"name":"wp","href":"https:\/\/api.w.org\/{rel}","templated":true}]}}