{"id":22309,"date":"2019-09-13T13:52:13","date_gmt":"2019-09-13T13:52:13","guid":{"rendered":"https:\/\/sertv.gob.pa\/crisolfm\/?p=22309"},"modified":"2019-09-13T13:52:13","modified_gmt":"2019-09-13T13:52:13","slug":"avanza-proceso-para-restaurar-el-museo-reina-torres","status":"publish","type":"post","link":"https:\/\/sertv.gob.pa\/crisolfm\/avanza-proceso-para-restaurar-el-museo-reina-torres\/","title":{"rendered":"Avanza proceso para restaurar el museo Reina Torres"},"content":{"rendered":"<p>El pr\u00f3ximo jueves 17 de octubre se efectuar\u00e1 la apertura de propuestas para la contrataci\u00f3n de los trabajos para la restauraci\u00f3n integral del Museo Antropol\u00f3gico Reina Torres de Ara\u00faz y la construcci\u00f3n del edificio de resguardo y urbanizaci\u00f3n del entorno, iniciativa que cumple con la propuesta hecha por el gobierno del presidente de la Rep\u00fablica, Laurentino Cortizo. En el portal Panam\u00e1 Compra est\u00e1 disponible la documentaci\u00f3n para la licitaci\u00f3n del proyecto de restauraci\u00f3n integral del museo, antigua estaci\u00f3n del ferrocarril, ubicado frente a la Plaza 5 de Mayo.<\/p>\n<p>El ministro de Cultura, Carlos Aguilar, manifest\u00f3 su complacencia ante esta iniciativa y reiter\u00f3 que las principales infraestructuras patrimoniales, monumentales y culturales se hallan deterioradas y deben ser rescatadas y puestas en valor para beneficio de todos los paname\u00f1os.<\/p>\n<p>Igualmente, Katty Osorio, directora Nacional de Patrimonio del Ministerio de Cultura, explic\u00f3 que el trabajo por ejecutar consiste en la restauraci\u00f3n del edificio existente para adecuarlo como museo antropol\u00f3gico, con 3 salas para exposiciones permanentes, una de ellas dedicada a la doctora Reina Torres de Ara\u00faz, y dos salas temporales. Adem\u00e1s, se prev\u00e9 la construcci\u00f3n de un edifico nuevo de resguardo para dep\u00f3sito de la colecci\u00f3n de piezas, y paisajismo y urbanizaci\u00f3n del entorno, como se se\u00f1ala en los planos y especificaciones t\u00e9cnicas.<\/p>\n<p>&nbsp;<\/p>\n","protected":false},"excerpt":{"rendered":"<p>El pr\u00f3ximo jueves 17 de octubre se efectuar\u00e1 la apertura <a href=\"https:\/\/sertv.gob.pa\/crisolfm\/avanza-proceso-para-restaurar-el-museo-reina-torres\/\"> [&#8230;]<\/a><\/p>\n","protected":false},"author":64,"featured_media":22310,"comment_status":"closed","ping_status":"closed","sticky":false,"template":"","format":"standard","meta":{"footnotes":""},"categories":[6],"tags":[],"class_list":["post-22309","post","type-post","status-publish","format-standard","has-post-thumbnail","hentry","category-culturales"],"_links":{"self":[{"href":"https:\/\/sertv.gob.pa\/crisolfm\/wp-json\/wp\/v2\/posts\/22309","targetHints":{"allow":["GET"]}}],"collection":[{"href":"https:\/\/sertv.gob.pa\/crisolfm\/wp-json\/wp\/v2\/posts"}],"about":[{"href":"https:\/\/sertv.gob.pa\/crisolfm\/wp-json\/wp\/v2\/types\/post"}],"author":[{"embeddable":true,"href":"https:\/\/sertv.gob.pa\/crisolfm\/wp-json\/wp\/v2\/users\/64"}],"replies":[{"embeddable":true,"href":"https:\/\/sertv.gob.pa\/crisolfm\/wp-json\/wp\/v2\/comments?post=22309"}],"version-history":[{"count":1,"href":"https:\/\/sertv.gob.pa\/crisolfm\/wp-json\/wp\/v2\/posts\/22309\/revisions"}],"predecessor-version":[{"id":22311,"href":"https:\/\/sertv.gob.pa\/crisolfm\/wp-json\/wp\/v2\/posts\/22309\/revisions\/22311"}],"wp:featuredmedia":[{"embeddable":true,"href":"https:\/\/sertv.gob.pa\/crisolfm\/wp-json\/wp\/v2\/media\/22310"}],"wp:attachment":[{"href":"https:\/\/sertv.gob.pa\/crisolfm\/wp-json\/wp\/v2\/media?parent=22309"}],"wp:term":[{"taxonomy":"category","embeddable":true,"href":"https:\/\/sertv.gob.pa\/crisolfm\/wp-json\/wp\/v2\/categories?post=22309"},{"taxonomy":"post_tag","embeddable":true,"href":"https:\/\/sertv.gob.pa\/crisolfm\/wp-json\/wp\/v2\/tags?post=22309"}],"curies":[{"name":"wp","href":"https:\/\/api.w.org\/{rel}","templated":true}]}}