{"id":22312,"date":"2019-09-13T14:00:30","date_gmt":"2019-09-13T14:00:30","guid":{"rendered":"https:\/\/sertv.gob.pa\/crisolfm\/?p=22312"},"modified":"2019-09-13T14:00:30","modified_gmt":"2019-09-13T14:00:30","slug":"dali-frente-a-miro-en-exposicion","status":"publish","type":"post","link":"https:\/\/sertv.gob.pa\/crisolfm\/dali-frente-a-miro-en-exposicion\/","title":{"rendered":"\u201cDal\u00ed frente a Mir\u00f3\u201d en exposici\u00f3n"},"content":{"rendered":"<p>El Ministerio de Relaciones Exteriores y la Fundaci\u00f3n Universitaria Iberoamericana estar\u00e1n presentando la exposici\u00f3n de arte titulada \u2018Dal\u00ed frente a Mir\u00f3: pinceladas de m\u00fasica y sue\u00f1os de papel&#8217;, en la cual se mostrar\u00e1n grabados de los artistas mencionados.<\/p>\n<p>La cita cultural ser\u00e1 en el Sal\u00f3n Alfredo Sinclair, Pabell\u00f3n Francisco Javier Junguito en las instalaciones del Ministerio de Relaciones Exteriores, hasta el viernes 20 de septiembre, de 8:00 a.m. a 5:00 p.m. La entrada es gratuita y abierta a todo p\u00fablico.<\/p>\n<p>&nbsp;<\/p>\n<p>&nbsp;<\/p>\n","protected":false},"excerpt":{"rendered":"<p>El Ministerio de Relaciones Exteriores y la Fundaci\u00f3n Universitaria Iberoamericana <a href=\"https:\/\/sertv.gob.pa\/crisolfm\/dali-frente-a-miro-en-exposicion\/\"> [&#8230;]<\/a><\/p>\n","protected":false},"author":64,"featured_media":22313,"comment_status":"closed","ping_status":"closed","sticky":false,"template":"","format":"standard","meta":{"footnotes":""},"categories":[6],"tags":[],"class_list":["post-22312","post","type-post","status-publish","format-standard","has-post-thumbnail","hentry","category-culturales"],"_links":{"self":[{"href":"https:\/\/sertv.gob.pa\/crisolfm\/wp-json\/wp\/v2\/posts\/22312","targetHints":{"allow":["GET"]}}],"collection":[{"href":"https:\/\/sertv.gob.pa\/crisolfm\/wp-json\/wp\/v2\/posts"}],"about":[{"href":"https:\/\/sertv.gob.pa\/crisolfm\/wp-json\/wp\/v2\/types\/post"}],"author":[{"embeddable":true,"href":"https:\/\/sertv.gob.pa\/crisolfm\/wp-json\/wp\/v2\/users\/64"}],"replies":[{"embeddable":true,"href":"https:\/\/sertv.gob.pa\/crisolfm\/wp-json\/wp\/v2\/comments?post=22312"}],"version-history":[{"count":1,"href":"https:\/\/sertv.gob.pa\/crisolfm\/wp-json\/wp\/v2\/posts\/22312\/revisions"}],"predecessor-version":[{"id":22314,"href":"https:\/\/sertv.gob.pa\/crisolfm\/wp-json\/wp\/v2\/posts\/22312\/revisions\/22314"}],"wp:featuredmedia":[{"embeddable":true,"href":"https:\/\/sertv.gob.pa\/crisolfm\/wp-json\/wp\/v2\/media\/22313"}],"wp:attachment":[{"href":"https:\/\/sertv.gob.pa\/crisolfm\/wp-json\/wp\/v2\/media?parent=22312"}],"wp:term":[{"taxonomy":"category","embeddable":true,"href":"https:\/\/sertv.gob.pa\/crisolfm\/wp-json\/wp\/v2\/categories?post=22312"},{"taxonomy":"post_tag","embeddable":true,"href":"https:\/\/sertv.gob.pa\/crisolfm\/wp-json\/wp\/v2\/tags?post=22312"}],"curies":[{"name":"wp","href":"https:\/\/api.w.org\/{rel}","templated":true}]}}