{"id":22319,"date":"2019-09-13T14:19:57","date_gmt":"2019-09-13T14:19:57","guid":{"rendered":"https:\/\/sertv.gob.pa\/crisolfm\/?p=22319"},"modified":"2019-09-13T14:19:57","modified_gmt":"2019-09-13T14:19:57","slug":"miambiente-organiza-foro-cambios-en-recursos-marinos","status":"publish","type":"post","link":"https:\/\/sertv.gob.pa\/crisolfm\/miambiente-organiza-foro-cambios-en-recursos-marinos\/","title":{"rendered":"MiAmbiente organiza foro \u201cCambios en Recursos Marinos\u201d"},"content":{"rendered":"<p>El Ministerio de Ambiente organiza el Foro \u2018Cambios en Recursos Marinos Costeros y Normativas Vigentes&#8217; como parte de las actividades destacadas en el Mes de los Oc\u00e9anos para la concienciaci\u00f3n de la protecci\u00f3n del recurso acu\u00e1tico.<\/p>\n<p>El evento se efectuar\u00e1 en la Universidad Latina sede de la provincia de Veraguas, el s\u00e1bado 14 de septiembre, de 9:00 a.m. a 12:00 p.m. La entrada es abierta y gratuita para todo p\u00fablico.<\/p>\n","protected":false},"excerpt":{"rendered":"<p>El Ministerio de Ambiente organiza el Foro \u2018Cambios en Recursos <a href=\"https:\/\/sertv.gob.pa\/crisolfm\/miambiente-organiza-foro-cambios-en-recursos-marinos\/\"> [&#8230;]<\/a><\/p>\n","protected":false},"author":64,"featured_media":22320,"comment_status":"closed","ping_status":"closed","sticky":false,"template":"","format":"standard","meta":{"footnotes":""},"categories":[7],"tags":[],"class_list":["post-22319","post","type-post","status-publish","format-standard","has-post-thumbnail","hentry","category-ecologicas"],"_links":{"self":[{"href":"https:\/\/sertv.gob.pa\/crisolfm\/wp-json\/wp\/v2\/posts\/22319","targetHints":{"allow":["GET"]}}],"collection":[{"href":"https:\/\/sertv.gob.pa\/crisolfm\/wp-json\/wp\/v2\/posts"}],"about":[{"href":"https:\/\/sertv.gob.pa\/crisolfm\/wp-json\/wp\/v2\/types\/post"}],"author":[{"embeddable":true,"href":"https:\/\/sertv.gob.pa\/crisolfm\/wp-json\/wp\/v2\/users\/64"}],"replies":[{"embeddable":true,"href":"https:\/\/sertv.gob.pa\/crisolfm\/wp-json\/wp\/v2\/comments?post=22319"}],"version-history":[{"count":1,"href":"https:\/\/sertv.gob.pa\/crisolfm\/wp-json\/wp\/v2\/posts\/22319\/revisions"}],"predecessor-version":[{"id":22321,"href":"https:\/\/sertv.gob.pa\/crisolfm\/wp-json\/wp\/v2\/posts\/22319\/revisions\/22321"}],"wp:featuredmedia":[{"embeddable":true,"href":"https:\/\/sertv.gob.pa\/crisolfm\/wp-json\/wp\/v2\/media\/22320"}],"wp:attachment":[{"href":"https:\/\/sertv.gob.pa\/crisolfm\/wp-json\/wp\/v2\/media?parent=22319"}],"wp:term":[{"taxonomy":"category","embeddable":true,"href":"https:\/\/sertv.gob.pa\/crisolfm\/wp-json\/wp\/v2\/categories?post=22319"},{"taxonomy":"post_tag","embeddable":true,"href":"https:\/\/sertv.gob.pa\/crisolfm\/wp-json\/wp\/v2\/tags?post=22319"}],"curies":[{"name":"wp","href":"https:\/\/api.w.org\/{rel}","templated":true}]}}