{"id":22322,"date":"2019-09-13T14:24:28","date_gmt":"2019-09-13T14:24:28","guid":{"rendered":"https:\/\/sertv.gob.pa\/crisolfm\/?p=22322"},"modified":"2019-09-13T14:24:28","modified_gmt":"2019-09-13T14:24:28","slug":"segun-estudio-el-mayor-glaciar-alpino-podria-desaparecer-en-2100","status":"publish","type":"post","link":"https:\/\/sertv.gob.pa\/crisolfm\/segun-estudio-el-mayor-glaciar-alpino-podria-desaparecer-en-2100\/","title":{"rendered":"Seg\u00fan estudio, el mayor glaciar alpino podr\u00eda desaparecer en 2100"},"content":{"rendered":"<p>El impresionante Aletsch, el mayor glaciar de los Alpes, podr\u00eda desaparecer completamente hacia fines del siglo actual si no se hace nada para frenar el cambio clim\u00e1tico, seg\u00fan un estudio publicado este jueves.\u00a0Un grupo de investigadores de Suiza utiliz\u00f3 un simulador de vanguardia para demostrar c\u00f3mo cambiar\u00e1 el glaciar Aletsch en tanto el planeta contin\u00fae calent\u00e1ndose, seg\u00fan la ETH, la universidad polit\u00e9cnica de Z\u00farich.<\/p>\n<p>Este glaciar, con una superficie de 86 km2, ubicado en los Alpes suizos, se estima que contiene alrededor de 11.000 millones de toneladas de hielo, y su extensi\u00f3n ya ha retrocedido un kil\u00f3metro desde comienzos del nuevo siglo. Los cient\u00edficos advierten que esta tendencia continuar\u00e1 inclusive si el mundo logra cumplir el objetivo del Acuerdo de Par\u00eds de 2015 (COP21) de limitar el calentamiento global a \u00abpor debajo\u00bb de 2 \u00baC con respecto al comienzo de la era industrial.\u00a0El equipo de investigadores de la ETH indic\u00f3 que, incluso en el mejor de los casos, el glaciar perder\u00eda al menos el 50% de su volumen y longitud actuales para 2100, en tanto que en el peor de los escenarios, \u00abquedar\u00e1n apenas un par de &#8216;manchas&#8217; de hielo\u00bb.<\/p>\n<p>El Aletsch es uno de los m\u00e1s de 4.000 glaciares, amplias y muy antiguas reservas de hielo, que hay en los Alpes, que proveen enormes cantidades de agua con los deshielos estacionales y constituyen algunos de los paisajes m\u00e1s impresionantes de Europa.<\/p>\n<p>AFP<\/p>\n","protected":false},"excerpt":{"rendered":"<p>El impresionante Aletsch, el mayor glaciar de los Alpes, podr\u00eda <a href=\"https:\/\/sertv.gob.pa\/crisolfm\/segun-estudio-el-mayor-glaciar-alpino-podria-desaparecer-en-2100\/\"> [&#8230;]<\/a><\/p>\n","protected":false},"author":64,"featured_media":22323,"comment_status":"closed","ping_status":"closed","sticky":false,"template":"","format":"standard","meta":{"footnotes":""},"categories":[7],"tags":[],"class_list":["post-22322","post","type-post","status-publish","format-standard","has-post-thumbnail","hentry","category-ecologicas"],"_links":{"self":[{"href":"https:\/\/sertv.gob.pa\/crisolfm\/wp-json\/wp\/v2\/posts\/22322","targetHints":{"allow":["GET"]}}],"collection":[{"href":"https:\/\/sertv.gob.pa\/crisolfm\/wp-json\/wp\/v2\/posts"}],"about":[{"href":"https:\/\/sertv.gob.pa\/crisolfm\/wp-json\/wp\/v2\/types\/post"}],"author":[{"embeddable":true,"href":"https:\/\/sertv.gob.pa\/crisolfm\/wp-json\/wp\/v2\/users\/64"}],"replies":[{"embeddable":true,"href":"https:\/\/sertv.gob.pa\/crisolfm\/wp-json\/wp\/v2\/comments?post=22322"}],"version-history":[{"count":1,"href":"https:\/\/sertv.gob.pa\/crisolfm\/wp-json\/wp\/v2\/posts\/22322\/revisions"}],"predecessor-version":[{"id":22324,"href":"https:\/\/sertv.gob.pa\/crisolfm\/wp-json\/wp\/v2\/posts\/22322\/revisions\/22324"}],"wp:featuredmedia":[{"embeddable":true,"href":"https:\/\/sertv.gob.pa\/crisolfm\/wp-json\/wp\/v2\/media\/22323"}],"wp:attachment":[{"href":"https:\/\/sertv.gob.pa\/crisolfm\/wp-json\/wp\/v2\/media?parent=22322"}],"wp:term":[{"taxonomy":"category","embeddable":true,"href":"https:\/\/sertv.gob.pa\/crisolfm\/wp-json\/wp\/v2\/categories?post=22322"},{"taxonomy":"post_tag","embeddable":true,"href":"https:\/\/sertv.gob.pa\/crisolfm\/wp-json\/wp\/v2\/tags?post=22322"}],"curies":[{"name":"wp","href":"https:\/\/api.w.org\/{rel}","templated":true}]}}