{"id":22325,"date":"2019-09-13T14:30:11","date_gmt":"2019-09-13T14:30:11","guid":{"rendered":"https:\/\/sertv.gob.pa\/crisolfm\/?p=22325"},"modified":"2019-09-13T14:30:11","modified_gmt":"2019-09-13T14:30:11","slug":"los-derechos-humanos-a-traves-del-cine-en-bannabafest-2019","status":"publish","type":"post","link":"https:\/\/sertv.gob.pa\/crisolfm\/los-derechos-humanos-a-traves-del-cine-en-bannabafest-2019\/","title":{"rendered":"Los derechos humanos a trav\u00e9s del cine, en Bannab\u00e1Fest 2019"},"content":{"rendered":"<p>El Festival Internacional de Cine Bannab\u00e1Fest, expondr\u00e1 los trabajos f\u00edlmicos sobre derechos humanos, de decenas de directores latinoamericanos, del 17 al 21 de septiembre del 2019, en distintas salas del pa\u00eds.<\/p>\n<p>Luis Rodr\u00edguez Ventosa, productor del festival, explic\u00f3 que en esta edici\u00f3n la proyecci\u00f3n de cintas llegar\u00e1 hasta David, Volc\u00e1n, Metet\u00ed, Yaviza, Santiago, Col\u00f3n, Penonom\u00e9 y Chitr\u00e9, en un intento por educar e interesar a m\u00e1s personas sobre la importancia de conocer sus derechos. Destac\u00f3 que la provincia de Col\u00f3n ha sobresalido este a\u00f1o, ya que la mayor\u00eda de t\u00edtulos paname\u00f1os inscritos en el festival provienen de este territorio.<\/p>\n<p>La organizaci\u00f3n tambi\u00e9n premiar\u00e1 al mejor largometraje de ficci\u00f3n, mejor largometraje documental y mejor corto estudiantil. Adem\u00e1s, el jurado otorgar\u00e1 un premio especial a la obra paname\u00f1a m\u00e1s sobresaliente y creativa.\u00a0Igualmente\u00a0homenajear\u00e1n a grandes cineastas paname\u00f1os como Armando Mora, Carlos Montufar y Elda de Ycaza, por sus aportes a la escena cinematogr\u00e1fica en Panam\u00e1. Paralelo al festival se desarrollar\u00e1n actividades como talleres, foros y tendr\u00e1 lugar el GerontoFest, un espacio de cine para los adultos mayores.<\/p>\n<p>&nbsp;<\/p>\n","protected":false},"excerpt":{"rendered":"<p>El Festival Internacional de Cine Bannab\u00e1Fest, expondr\u00e1 los trabajos f\u00edlmicos <a href=\"https:\/\/sertv.gob.pa\/crisolfm\/los-derechos-humanos-a-traves-del-cine-en-bannabafest-2019\/\"> [&#8230;]<\/a><\/p>\n","protected":false},"author":64,"featured_media":22326,"comment_status":"closed","ping_status":"closed","sticky":false,"template":"","format":"standard","meta":{"footnotes":""},"categories":[6],"tags":[],"class_list":["post-22325","post","type-post","status-publish","format-standard","has-post-thumbnail","hentry","category-culturales"],"_links":{"self":[{"href":"https:\/\/sertv.gob.pa\/crisolfm\/wp-json\/wp\/v2\/posts\/22325","targetHints":{"allow":["GET"]}}],"collection":[{"href":"https:\/\/sertv.gob.pa\/crisolfm\/wp-json\/wp\/v2\/posts"}],"about":[{"href":"https:\/\/sertv.gob.pa\/crisolfm\/wp-json\/wp\/v2\/types\/post"}],"author":[{"embeddable":true,"href":"https:\/\/sertv.gob.pa\/crisolfm\/wp-json\/wp\/v2\/users\/64"}],"replies":[{"embeddable":true,"href":"https:\/\/sertv.gob.pa\/crisolfm\/wp-json\/wp\/v2\/comments?post=22325"}],"version-history":[{"count":1,"href":"https:\/\/sertv.gob.pa\/crisolfm\/wp-json\/wp\/v2\/posts\/22325\/revisions"}],"predecessor-version":[{"id":22327,"href":"https:\/\/sertv.gob.pa\/crisolfm\/wp-json\/wp\/v2\/posts\/22325\/revisions\/22327"}],"wp:featuredmedia":[{"embeddable":true,"href":"https:\/\/sertv.gob.pa\/crisolfm\/wp-json\/wp\/v2\/media\/22326"}],"wp:attachment":[{"href":"https:\/\/sertv.gob.pa\/crisolfm\/wp-json\/wp\/v2\/media?parent=22325"}],"wp:term":[{"taxonomy":"category","embeddable":true,"href":"https:\/\/sertv.gob.pa\/crisolfm\/wp-json\/wp\/v2\/categories?post=22325"},{"taxonomy":"post_tag","embeddable":true,"href":"https:\/\/sertv.gob.pa\/crisolfm\/wp-json\/wp\/v2\/tags?post=22325"}],"curies":[{"name":"wp","href":"https:\/\/api.w.org\/{rel}","templated":true}]}}