{"id":22347,"date":"2019-09-16T13:25:58","date_gmt":"2019-09-16T13:25:58","guid":{"rendered":"https:\/\/sertv.gob.pa\/crisolfm\/?p=22347"},"modified":"2019-09-16T13:25:58","modified_gmt":"2019-09-16T13:25:58","slug":"fallece-a-los-75-anos-ric-ocasek-lider-de-the-cars","status":"publish","type":"post","link":"https:\/\/sertv.gob.pa\/crisolfm\/fallece-a-los-75-anos-ric-ocasek-lider-de-the-cars\/","title":{"rendered":"Fallece a los 75 a\u00f1os Ric Ocasek, l\u00edder de &#8216;The Cars&#8217;"},"content":{"rendered":"<p>Ric Ocasek, l\u00edder y cantante de la banda de The Cars, fue encontrado muerto el domingo, inform\u00f3 la polic\u00eda de Estados Unidos. El Departamento de Polic\u00eda de Nueva York dijo en un comunicado que recibi\u00f3 una llamada cerca de las 20H00 GMT \u00abpor un hombre inconsciente en la calle 19 Este. Se declar\u00f3 su muerte en el lugar\u00bb. El cuerpo del cantante, de 75 a\u00f1os, no presentaba signos de muerte violenta, informaron medios estadounidenses.<\/p>\n<p>Bajo el liderazgo de Ocasek, The Cars incorpor\u00f3 efectos electr\u00f3nicos extravagantes propios del estilo \u00abnew wave\u00bb (\u00abnueva ola\u00bb) a canciones pop de estructura cl\u00e1sica. Entre sus \u00e9xitos destacaban You Might Think, Shake It Up y Drive en la d\u00e9cada de 1980. Despu\u00e9s de separarse en 1988, la banda volvi\u00f3 en 2011 luego de que Ocasek escribiera nuevas canciones que cre\u00eda que sonar\u00edan mejor si las tocaba con sus antiguos compa\u00f1eros de banda, escribi\u00f3 el diario USA Today.<\/p>\n<p>The Cars fue incluida el a\u00f1o pasado en el Sal\u00f3n de la Fama del Rock and Roll junto con Bon Jovi, Moody Blues, Dire Straits, Nina Simone y Sister Rosetta Tharpe.<\/p>\n<p>AFP<\/p>\n","protected":false},"excerpt":{"rendered":"<p>Ric Ocasek, l\u00edder y cantante de la banda de The <a href=\"https:\/\/sertv.gob.pa\/crisolfm\/fallece-a-los-75-anos-ric-ocasek-lider-de-the-cars\/\"> [&#8230;]<\/a><\/p>\n","protected":false},"author":64,"featured_media":22348,"comment_status":"closed","ping_status":"closed","sticky":false,"template":"","format":"standard","meta":{"footnotes":""},"categories":[6],"tags":[],"class_list":["post-22347","post","type-post","status-publish","format-standard","has-post-thumbnail","hentry","category-culturales"],"_links":{"self":[{"href":"https:\/\/sertv.gob.pa\/crisolfm\/wp-json\/wp\/v2\/posts\/22347","targetHints":{"allow":["GET"]}}],"collection":[{"href":"https:\/\/sertv.gob.pa\/crisolfm\/wp-json\/wp\/v2\/posts"}],"about":[{"href":"https:\/\/sertv.gob.pa\/crisolfm\/wp-json\/wp\/v2\/types\/post"}],"author":[{"embeddable":true,"href":"https:\/\/sertv.gob.pa\/crisolfm\/wp-json\/wp\/v2\/users\/64"}],"replies":[{"embeddable":true,"href":"https:\/\/sertv.gob.pa\/crisolfm\/wp-json\/wp\/v2\/comments?post=22347"}],"version-history":[{"count":1,"href":"https:\/\/sertv.gob.pa\/crisolfm\/wp-json\/wp\/v2\/posts\/22347\/revisions"}],"predecessor-version":[{"id":22349,"href":"https:\/\/sertv.gob.pa\/crisolfm\/wp-json\/wp\/v2\/posts\/22347\/revisions\/22349"}],"wp:featuredmedia":[{"embeddable":true,"href":"https:\/\/sertv.gob.pa\/crisolfm\/wp-json\/wp\/v2\/media\/22348"}],"wp:attachment":[{"href":"https:\/\/sertv.gob.pa\/crisolfm\/wp-json\/wp\/v2\/media?parent=22347"}],"wp:term":[{"taxonomy":"category","embeddable":true,"href":"https:\/\/sertv.gob.pa\/crisolfm\/wp-json\/wp\/v2\/categories?post=22347"},{"taxonomy":"post_tag","embeddable":true,"href":"https:\/\/sertv.gob.pa\/crisolfm\/wp-json\/wp\/v2\/tags?post=22347"}],"curies":[{"name":"wp","href":"https:\/\/api.w.org\/{rel}","templated":true}]}}