{"id":22353,"date":"2019-09-16T13:48:50","date_gmt":"2019-09-16T13:48:50","guid":{"rendered":"https:\/\/sertv.gob.pa\/crisolfm\/?p=22353"},"modified":"2019-09-16T13:48:50","modified_gmt":"2019-09-16T13:48:50","slug":"salvadorena-encarcelada-por-aborto-comparte-su-drama-en-un-documental","status":"publish","type":"post","link":"https:\/\/sertv.gob.pa\/crisolfm\/salvadorena-encarcelada-por-aborto-comparte-su-drama-en-un-documental\/","title":{"rendered":"Salvadore\u00f1a encarcelada por aborto comparte su drama en un documental"},"content":{"rendered":"<p style=\"text-align: justify\">Un documental que recrea el trauma que sufren mujeres condenadas a largas penas de c\u00e1rcel por emergencias obst\u00e9tricas, bajo la severa legislaci\u00f3n antiaborto de El Salvador, ser\u00e1 presentado internacionalmente por una de sus protagonistas, Teodora V\u00e1squez. \u00abDespu\u00e9s de estar tanto tiempo encerradas se puede volar, se puede llegar lejos\u00bb, se\u00f1al\u00f3 V\u00e1squez a la AFP al explicar el por qu\u00e9 del t\u00edtulo del filme de 90 minutos, \u00abVolar lejos\u00bb. \u00abDonde se nos d\u00e9 oportunidad, la vamos a llevar\u00bb, dijo V\u00e1squez sobre la pel\u00edcula que cuenta su historia y las de otras dos mujeres que fueron encarceladas por emergencias obst\u00e9tricas.<\/p>\n<p style=\"text-align: justify\">V\u00e1squez, de 36 a\u00f1os, fue sentenciada a 30 a\u00f1os de prisi\u00f3n por homicidio agravado luego de que su beb\u00e9 naci\u00f3 muerto. Pas\u00f3 10 a\u00f1os y siete meses encarcelada, pero la pena le fue conmutada y sali\u00f3 en libertad el 15 de febrero de 2018. El 13 de julio de 2007, con nueve meses de embarazo, V\u00e1squez tuvo una emergencia obst\u00e9trica en un colegio de San Salvador donde trabajaba. Sufri\u00f3 una hemorragia severa y el beb\u00e9 naci\u00f3 muerto, seg\u00fan su defensa.<\/p>\n<p style=\"text-align: justify\">La cinta tendr\u00e1 su estreno mundial del 23 al 25 de setiembre en Suecia, y posteriormente continuar\u00e1 su exhibici\u00f3n internacional.<\/p>\n<p style=\"text-align: justify\">AFP<\/p>\n","protected":false},"excerpt":{"rendered":"<p>Un documental que recrea el trauma que sufren mujeres condenadas <a href=\"https:\/\/sertv.gob.pa\/crisolfm\/salvadorena-encarcelada-por-aborto-comparte-su-drama-en-un-documental\/\"> [&#8230;]<\/a><\/p>\n","protected":false},"author":64,"featured_media":22354,"comment_status":"closed","ping_status":"closed","sticky":false,"template":"","format":"standard","meta":{"footnotes":""},"categories":[6],"tags":[],"class_list":["post-22353","post","type-post","status-publish","format-standard","has-post-thumbnail","hentry","category-culturales"],"_links":{"self":[{"href":"https:\/\/sertv.gob.pa\/crisolfm\/wp-json\/wp\/v2\/posts\/22353","targetHints":{"allow":["GET"]}}],"collection":[{"href":"https:\/\/sertv.gob.pa\/crisolfm\/wp-json\/wp\/v2\/posts"}],"about":[{"href":"https:\/\/sertv.gob.pa\/crisolfm\/wp-json\/wp\/v2\/types\/post"}],"author":[{"embeddable":true,"href":"https:\/\/sertv.gob.pa\/crisolfm\/wp-json\/wp\/v2\/users\/64"}],"replies":[{"embeddable":true,"href":"https:\/\/sertv.gob.pa\/crisolfm\/wp-json\/wp\/v2\/comments?post=22353"}],"version-history":[{"count":1,"href":"https:\/\/sertv.gob.pa\/crisolfm\/wp-json\/wp\/v2\/posts\/22353\/revisions"}],"predecessor-version":[{"id":22355,"href":"https:\/\/sertv.gob.pa\/crisolfm\/wp-json\/wp\/v2\/posts\/22353\/revisions\/22355"}],"wp:featuredmedia":[{"embeddable":true,"href":"https:\/\/sertv.gob.pa\/crisolfm\/wp-json\/wp\/v2\/media\/22354"}],"wp:attachment":[{"href":"https:\/\/sertv.gob.pa\/crisolfm\/wp-json\/wp\/v2\/media?parent=22353"}],"wp:term":[{"taxonomy":"category","embeddable":true,"href":"https:\/\/sertv.gob.pa\/crisolfm\/wp-json\/wp\/v2\/categories?post=22353"},{"taxonomy":"post_tag","embeddable":true,"href":"https:\/\/sertv.gob.pa\/crisolfm\/wp-json\/wp\/v2\/tags?post=22353"}],"curies":[{"name":"wp","href":"https:\/\/api.w.org\/{rel}","templated":true}]}}