{"id":22356,"date":"2019-09-16T14:01:03","date_gmt":"2019-09-16T14:01:03","guid":{"rendered":"https:\/\/sertv.gob.pa\/crisolfm\/?p=22356"},"modified":"2019-09-16T14:01:03","modified_gmt":"2019-09-16T14:01:03","slug":"proponen-a-cacique-brasileno-raoni-para-premio-nobel-de-la-paz","status":"publish","type":"post","link":"https:\/\/sertv.gob.pa\/crisolfm\/proponen-a-cacique-brasileno-raoni-para-premio-nobel-de-la-paz\/","title":{"rendered":"Proponen a cacique brasile\u00f1o Raoni para premio Nobel de la Paz"},"content":{"rendered":"<p style=\"text-align: justify\">La fundaci\u00f3n brasile\u00f1a Darcy Ribeiro propuso al jefe indio Raoni, figura emblem\u00e1tica de la lucha contra la deforestaci\u00f3n de la Amazonia, al premio Nobel de la Paz. \u00abLa iniciativa reconoce los m\u00e9ritos de Raoni Metuktire como l\u00edder de prestigio mundial, que, a punto de cumplir 90 a\u00f1os, ha dedicado su vida al combate por los derechos de los ind\u00edgenas y a la preservaci\u00f3n de la Amazonia\u00bb, explic\u00f3 el organismo en un comunicado publicado en su sitio web.<\/p>\n<p style=\"text-align: justify\">Esta fundaci\u00f3n, que lleva el nombre del c\u00e9lebre antrop\u00f3logo, exministro y escritor brasile\u00f1o, lanz\u00f3 una campa\u00f1a en las redes sociales bajo el hashtag #raoninobeldapaz2020.\u00a0Los mensajes son acompa\u00f1ados por una foto del cacique ind\u00edgena de 89 a\u00f1os con un gran tocado de plumas amarillas en su cabeza y su famoso plato en el labio inferior.<\/p>\n<p style=\"text-align: justify\">AFP<\/p>\n","protected":false},"excerpt":{"rendered":"<p>La fundaci\u00f3n brasile\u00f1a Darcy Ribeiro propuso al jefe indio Raoni, <a href=\"https:\/\/sertv.gob.pa\/crisolfm\/proponen-a-cacique-brasileno-raoni-para-premio-nobel-de-la-paz\/\"> [&#8230;]<\/a><\/p>\n","protected":false},"author":64,"featured_media":22357,"comment_status":"closed","ping_status":"closed","sticky":false,"template":"","format":"standard","meta":{"footnotes":""},"categories":[6],"tags":[],"class_list":["post-22356","post","type-post","status-publish","format-standard","has-post-thumbnail","hentry","category-culturales"],"_links":{"self":[{"href":"https:\/\/sertv.gob.pa\/crisolfm\/wp-json\/wp\/v2\/posts\/22356","targetHints":{"allow":["GET"]}}],"collection":[{"href":"https:\/\/sertv.gob.pa\/crisolfm\/wp-json\/wp\/v2\/posts"}],"about":[{"href":"https:\/\/sertv.gob.pa\/crisolfm\/wp-json\/wp\/v2\/types\/post"}],"author":[{"embeddable":true,"href":"https:\/\/sertv.gob.pa\/crisolfm\/wp-json\/wp\/v2\/users\/64"}],"replies":[{"embeddable":true,"href":"https:\/\/sertv.gob.pa\/crisolfm\/wp-json\/wp\/v2\/comments?post=22356"}],"version-history":[{"count":1,"href":"https:\/\/sertv.gob.pa\/crisolfm\/wp-json\/wp\/v2\/posts\/22356\/revisions"}],"predecessor-version":[{"id":22358,"href":"https:\/\/sertv.gob.pa\/crisolfm\/wp-json\/wp\/v2\/posts\/22356\/revisions\/22358"}],"wp:featuredmedia":[{"embeddable":true,"href":"https:\/\/sertv.gob.pa\/crisolfm\/wp-json\/wp\/v2\/media\/22357"}],"wp:attachment":[{"href":"https:\/\/sertv.gob.pa\/crisolfm\/wp-json\/wp\/v2\/media?parent=22356"}],"wp:term":[{"taxonomy":"category","embeddable":true,"href":"https:\/\/sertv.gob.pa\/crisolfm\/wp-json\/wp\/v2\/categories?post=22356"},{"taxonomy":"post_tag","embeddable":true,"href":"https:\/\/sertv.gob.pa\/crisolfm\/wp-json\/wp\/v2\/tags?post=22356"}],"curies":[{"name":"wp","href":"https:\/\/api.w.org\/{rel}","templated":true}]}}