{"id":22359,"date":"2019-09-16T14:21:42","date_gmt":"2019-09-16T14:21:42","guid":{"rendered":"https:\/\/sertv.gob.pa\/crisolfm\/?p=22359"},"modified":"2019-09-16T14:21:42","modified_gmt":"2019-09-16T14:21:42","slug":"el-primer-trineo-100-ecologico","status":"publish","type":"post","link":"https:\/\/sertv.gob.pa\/crisolfm\/el-primer-trineo-100-ecologico\/","title":{"rendered":"El primer trineo 100% ecol\u00f3gico"},"content":{"rendered":"<p>El explorador Ram\u00f3n Larramendi presentar\u00e1 su <strong>Trineo de Viento,<\/strong> un veh\u00edculo 100% ecol\u00f3gico inventado para la exploraci\u00f3n cient\u00edfica polar. Este trineo combina tecnolog\u00edas ancestrales de los Inuit con las \u00faltimas tecnolog\u00edas del kitesurfing, durante las IMMUNE TALKS que tendr\u00e1n lugar el pr\u00f3ximo 18 de septiembre en Madrid. As\u00ed, el proyecto tiene como objetivo crear un programa cient\u00edfico en el que el Trineo de Viento funcione como un laboratorio m\u00f3vil que genere cero emisiones en los fr\u00e1giles ecosistemas polares, tal y como han explicado los organizadores del evento.<\/p>\n<p>La presentaci\u00f3n de este invento se enmarca en el ciclo de conferencias gratuitas y abiertas al p\u00fablico organizado por IMMUNE Technology Institute, el primer instituto de &#8216;coding&#8217; en Espa\u00f1a. El evento se iniciar\u00e1 la <strong>pr\u00f3xima semana en Madrid <\/strong>hasta el mes de diciembre y que contar\u00e1 con la participaci\u00f3n de cient\u00edficos, emprendedores, aventureros e inventores.<\/p>\n<p>ECOticias<\/p>\n","protected":false},"excerpt":{"rendered":"<p>El explorador Ram\u00f3n Larramendi presentar\u00e1 su Trineo de Viento, un <a href=\"https:\/\/sertv.gob.pa\/crisolfm\/el-primer-trineo-100-ecologico\/\"> [&#8230;]<\/a><\/p>\n","protected":false},"author":64,"featured_media":22360,"comment_status":"closed","ping_status":"closed","sticky":false,"template":"","format":"standard","meta":{"footnotes":""},"categories":[7],"tags":[],"class_list":["post-22359","post","type-post","status-publish","format-standard","has-post-thumbnail","hentry","category-ecologicas"],"_links":{"self":[{"href":"https:\/\/sertv.gob.pa\/crisolfm\/wp-json\/wp\/v2\/posts\/22359","targetHints":{"allow":["GET"]}}],"collection":[{"href":"https:\/\/sertv.gob.pa\/crisolfm\/wp-json\/wp\/v2\/posts"}],"about":[{"href":"https:\/\/sertv.gob.pa\/crisolfm\/wp-json\/wp\/v2\/types\/post"}],"author":[{"embeddable":true,"href":"https:\/\/sertv.gob.pa\/crisolfm\/wp-json\/wp\/v2\/users\/64"}],"replies":[{"embeddable":true,"href":"https:\/\/sertv.gob.pa\/crisolfm\/wp-json\/wp\/v2\/comments?post=22359"}],"version-history":[{"count":1,"href":"https:\/\/sertv.gob.pa\/crisolfm\/wp-json\/wp\/v2\/posts\/22359\/revisions"}],"predecessor-version":[{"id":22361,"href":"https:\/\/sertv.gob.pa\/crisolfm\/wp-json\/wp\/v2\/posts\/22359\/revisions\/22361"}],"wp:featuredmedia":[{"embeddable":true,"href":"https:\/\/sertv.gob.pa\/crisolfm\/wp-json\/wp\/v2\/media\/22360"}],"wp:attachment":[{"href":"https:\/\/sertv.gob.pa\/crisolfm\/wp-json\/wp\/v2\/media?parent=22359"}],"wp:term":[{"taxonomy":"category","embeddable":true,"href":"https:\/\/sertv.gob.pa\/crisolfm\/wp-json\/wp\/v2\/categories?post=22359"},{"taxonomy":"post_tag","embeddable":true,"href":"https:\/\/sertv.gob.pa\/crisolfm\/wp-json\/wp\/v2\/tags?post=22359"}],"curies":[{"name":"wp","href":"https:\/\/api.w.org\/{rel}","templated":true}]}}