{"id":22365,"date":"2019-09-16T15:08:42","date_gmt":"2019-09-16T15:08:42","guid":{"rendered":"https:\/\/sertv.gob.pa\/crisolfm\/?p=22365"},"modified":"2019-09-16T15:08:42","modified_gmt":"2019-09-16T15:08:42","slug":"alemania-clama-contra-el-cambio-climatico","status":"publish","type":"post","link":"https:\/\/sertv.gob.pa\/crisolfm\/alemania-clama-contra-el-cambio-climatico\/","title":{"rendered":"Alemania clama contra el cambio clim\u00e1tico"},"content":{"rendered":"<p>\u00abLa <strong>protecci\u00f3n del clima <\/strong>es un reto para la humanidad. Para hacer frente a este desaf\u00edo necesitamos un verdadero esfuerzo\u00bb, ha se\u00f1alado Angela Merkel en su podcast semanal. La canciller germana ha admitido que \u00abla protecci\u00f3n del clima cuesta dinero\u00bb, pero al mismo tiempo ha hecho hincapi\u00e9 en que el precio ser\u00e1 mucho m\u00e1s alto si no se hace nada contra el cambio clim\u00e1tico.<\/p>\n<p>La coalici\u00f3n gobernante que forman la Uni\u00f3n Dem\u00f3crata Cristiana (CDU) de <strong>Merkel<\/strong>, su socia b\u00e1vara, la Uni\u00f3n Social Cristiana (CSU) y el Partido Socialdem\u00f3crata (SPD) tomar\u00e1 el pr\u00f3ximo viernes decisiones urgentes sobre la protecci\u00f3n del clima con el fin de cumplir con los compromisos internacionales.<\/p>\n<p>Por otro lado, el Gobierno quiere \u00abactuar de una manera econ\u00f3micamente sensata y socialmente responsable para que todas las personas puedan permitirse esta protecci\u00f3n clim\u00e1tica\u00bb, ha se\u00f1alado Merkel.<\/p>\n<p>ECOticias<\/p>\n","protected":false},"excerpt":{"rendered":"<p>\u00abLa protecci\u00f3n del clima es un reto para la humanidad. <a href=\"https:\/\/sertv.gob.pa\/crisolfm\/alemania-clama-contra-el-cambio-climatico\/\"> [&#8230;]<\/a><\/p>\n","protected":false},"author":64,"featured_media":22366,"comment_status":"closed","ping_status":"closed","sticky":false,"template":"","format":"standard","meta":{"footnotes":""},"categories":[7],"tags":[],"class_list":["post-22365","post","type-post","status-publish","format-standard","has-post-thumbnail","hentry","category-ecologicas"],"_links":{"self":[{"href":"https:\/\/sertv.gob.pa\/crisolfm\/wp-json\/wp\/v2\/posts\/22365","targetHints":{"allow":["GET"]}}],"collection":[{"href":"https:\/\/sertv.gob.pa\/crisolfm\/wp-json\/wp\/v2\/posts"}],"about":[{"href":"https:\/\/sertv.gob.pa\/crisolfm\/wp-json\/wp\/v2\/types\/post"}],"author":[{"embeddable":true,"href":"https:\/\/sertv.gob.pa\/crisolfm\/wp-json\/wp\/v2\/users\/64"}],"replies":[{"embeddable":true,"href":"https:\/\/sertv.gob.pa\/crisolfm\/wp-json\/wp\/v2\/comments?post=22365"}],"version-history":[{"count":1,"href":"https:\/\/sertv.gob.pa\/crisolfm\/wp-json\/wp\/v2\/posts\/22365\/revisions"}],"predecessor-version":[{"id":22367,"href":"https:\/\/sertv.gob.pa\/crisolfm\/wp-json\/wp\/v2\/posts\/22365\/revisions\/22367"}],"wp:featuredmedia":[{"embeddable":true,"href":"https:\/\/sertv.gob.pa\/crisolfm\/wp-json\/wp\/v2\/media\/22366"}],"wp:attachment":[{"href":"https:\/\/sertv.gob.pa\/crisolfm\/wp-json\/wp\/v2\/media?parent=22365"}],"wp:term":[{"taxonomy":"category","embeddable":true,"href":"https:\/\/sertv.gob.pa\/crisolfm\/wp-json\/wp\/v2\/categories?post=22365"},{"taxonomy":"post_tag","embeddable":true,"href":"https:\/\/sertv.gob.pa\/crisolfm\/wp-json\/wp\/v2\/tags?post=22365"}],"curies":[{"name":"wp","href":"https:\/\/api.w.org\/{rel}","templated":true}]}}