{"id":22385,"date":"2019-09-17T13:30:02","date_gmt":"2019-09-17T13:30:02","guid":{"rendered":"https:\/\/sertv.gob.pa\/crisolfm\/?p=22385"},"modified":"2019-09-17T13:30:02","modified_gmt":"2019-09-17T13:30:02","slug":"presentan-obra-refistuleros-o-el-mito-de-la-rambuleria-istmena","status":"publish","type":"post","link":"https:\/\/sertv.gob.pa\/crisolfm\/presentan-obra-refistuleros-o-el-mito-de-la-rambuleria-istmena\/","title":{"rendered":"Presentan obra \u201cRefistuleros o el mito de la rambuler\u00eda istme\u00f1a\u201d"},"content":{"rendered":"<p>Refistuleros y el Centro Cultural Casa del Soldado presentan el ensayo abierto de la obra \u2018Refistuleros o el mito de la rambuler\u00eda istme\u00f1a&#8217;, una pieza que se estructura de varias escenas que narran una situaci\u00f3n de la vida cotidiana de la ciudad y sus habitantes.<\/p>\n<p>Estar\u00e1n presentes las directoras Nyra Sober\u00f3n T. y Ana Mar\u00eda Su\u00e1rez. La entrada es libre y la cita ser\u00e1 en la Sala Polivalente del Centro Cultural de Espa\u00f1a Casa del Soldado, en el Casco Antiguo, el 24 de septiembre, a las 7:30 p.m.<\/p>\n","protected":false},"excerpt":{"rendered":"<p>Refistuleros y el Centro Cultural Casa del Soldado presentan el <a href=\"https:\/\/sertv.gob.pa\/crisolfm\/presentan-obra-refistuleros-o-el-mito-de-la-rambuleria-istmena\/\"> [&#8230;]<\/a><\/p>\n","protected":false},"author":64,"featured_media":22386,"comment_status":"closed","ping_status":"closed","sticky":false,"template":"","format":"standard","meta":{"footnotes":""},"categories":[6],"tags":[],"class_list":["post-22385","post","type-post","status-publish","format-standard","has-post-thumbnail","hentry","category-culturales"],"_links":{"self":[{"href":"https:\/\/sertv.gob.pa\/crisolfm\/wp-json\/wp\/v2\/posts\/22385","targetHints":{"allow":["GET"]}}],"collection":[{"href":"https:\/\/sertv.gob.pa\/crisolfm\/wp-json\/wp\/v2\/posts"}],"about":[{"href":"https:\/\/sertv.gob.pa\/crisolfm\/wp-json\/wp\/v2\/types\/post"}],"author":[{"embeddable":true,"href":"https:\/\/sertv.gob.pa\/crisolfm\/wp-json\/wp\/v2\/users\/64"}],"replies":[{"embeddable":true,"href":"https:\/\/sertv.gob.pa\/crisolfm\/wp-json\/wp\/v2\/comments?post=22385"}],"version-history":[{"count":1,"href":"https:\/\/sertv.gob.pa\/crisolfm\/wp-json\/wp\/v2\/posts\/22385\/revisions"}],"predecessor-version":[{"id":22387,"href":"https:\/\/sertv.gob.pa\/crisolfm\/wp-json\/wp\/v2\/posts\/22385\/revisions\/22387"}],"wp:featuredmedia":[{"embeddable":true,"href":"https:\/\/sertv.gob.pa\/crisolfm\/wp-json\/wp\/v2\/media\/22386"}],"wp:attachment":[{"href":"https:\/\/sertv.gob.pa\/crisolfm\/wp-json\/wp\/v2\/media?parent=22385"}],"wp:term":[{"taxonomy":"category","embeddable":true,"href":"https:\/\/sertv.gob.pa\/crisolfm\/wp-json\/wp\/v2\/categories?post=22385"},{"taxonomy":"post_tag","embeddable":true,"href":"https:\/\/sertv.gob.pa\/crisolfm\/wp-json\/wp\/v2\/tags?post=22385"}],"curies":[{"name":"wp","href":"https:\/\/api.w.org\/{rel}","templated":true}]}}