{"id":22394,"date":"2019-09-17T13:59:31","date_gmt":"2019-09-17T13:59:31","guid":{"rendered":"https:\/\/sertv.gob.pa\/crisolfm\/?p=22394"},"modified":"2019-09-17T13:59:31","modified_gmt":"2019-09-17T13:59:31","slug":"la-contaminacion-de-los-vehiculos-mata-a-casi-40-000-espanoles-al-ano","status":"publish","type":"post","link":"https:\/\/sertv.gob.pa\/crisolfm\/la-contaminacion-de-los-vehiculos-mata-a-casi-40-000-espanoles-al-ano\/","title":{"rendered":"La contaminaci\u00f3n de los veh\u00edculos mata a casi 40.000 espa\u00f1oles al a\u00f1o"},"content":{"rendered":"<p>El a\u00f1o pasado <strong>1.180 personas fallecieron en accidentes de tr\u00e1fico<\/strong> en Espa\u00f1a. Pero los accidentes no son lo \u00fanico que mata sobre ruedas. En la\u00a0<strong>Semana de la\u00a0Movilidad\u00a0<\/strong>que hoy comienza, desde\u00a0Greenpeace recordamos que la contaminaci\u00f3n es responsable de 38.600 muertes prematuras al a\u00f1o en Espa\u00f1a,\u00a0seg\u00fan la Agencia Europea del Medio Ambiente. Una contaminaci\u00f3n que en las ciudades est\u00e1 provocada, sobre todo, por el tr\u00e1fico rodado.<\/p>\n<p>Pese a que\u00a0la evidencia cient\u00edfica vincula al tr\u00e1fico enfermedades como el asma o la bronquiolitis,\u00a0los gobiernos ignoran a estas v\u00edctimas invisibles en sus pol\u00edticas de movilidad. Las inversiones p\u00fablicas siguen priorizando al coche frente al resto de transportes limpios. Y las medidas frente a los picos de contaminaci\u00f3n se limitan, como mucho, a leves restricciones en zonas concretas.<\/p>\n<p>Por eso, en Greenpeace exigimos a los fabricantes y a los gobiernos<strong> medidas m\u00e1s eficaces<\/strong> que garanticen un aire limpio para todos y todas.\u00a0Durante 10 a\u00f1os seguidos hemos superado los l\u00edmites de contaminaci\u00f3n\u00a0fijados por la UE, que son un derecho ciudadano de obligado cumplimiento.<\/p>\n<p>ECOticias<\/p>\n","protected":false},"excerpt":{"rendered":"<p>El a\u00f1o pasado 1.180 personas fallecieron en accidentes de tr\u00e1fico <a href=\"https:\/\/sertv.gob.pa\/crisolfm\/la-contaminacion-de-los-vehiculos-mata-a-casi-40-000-espanoles-al-ano\/\"> [&#8230;]<\/a><\/p>\n","protected":false},"author":64,"featured_media":22395,"comment_status":"closed","ping_status":"closed","sticky":false,"template":"","format":"standard","meta":{"footnotes":""},"categories":[7],"tags":[],"class_list":["post-22394","post","type-post","status-publish","format-standard","has-post-thumbnail","hentry","category-ecologicas"],"_links":{"self":[{"href":"https:\/\/sertv.gob.pa\/crisolfm\/wp-json\/wp\/v2\/posts\/22394","targetHints":{"allow":["GET"]}}],"collection":[{"href":"https:\/\/sertv.gob.pa\/crisolfm\/wp-json\/wp\/v2\/posts"}],"about":[{"href":"https:\/\/sertv.gob.pa\/crisolfm\/wp-json\/wp\/v2\/types\/post"}],"author":[{"embeddable":true,"href":"https:\/\/sertv.gob.pa\/crisolfm\/wp-json\/wp\/v2\/users\/64"}],"replies":[{"embeddable":true,"href":"https:\/\/sertv.gob.pa\/crisolfm\/wp-json\/wp\/v2\/comments?post=22394"}],"version-history":[{"count":1,"href":"https:\/\/sertv.gob.pa\/crisolfm\/wp-json\/wp\/v2\/posts\/22394\/revisions"}],"predecessor-version":[{"id":22396,"href":"https:\/\/sertv.gob.pa\/crisolfm\/wp-json\/wp\/v2\/posts\/22394\/revisions\/22396"}],"wp:featuredmedia":[{"embeddable":true,"href":"https:\/\/sertv.gob.pa\/crisolfm\/wp-json\/wp\/v2\/media\/22395"}],"wp:attachment":[{"href":"https:\/\/sertv.gob.pa\/crisolfm\/wp-json\/wp\/v2\/media?parent=22394"}],"wp:term":[{"taxonomy":"category","embeddable":true,"href":"https:\/\/sertv.gob.pa\/crisolfm\/wp-json\/wp\/v2\/categories?post=22394"},{"taxonomy":"post_tag","embeddable":true,"href":"https:\/\/sertv.gob.pa\/crisolfm\/wp-json\/wp\/v2\/tags?post=22394"}],"curies":[{"name":"wp","href":"https:\/\/api.w.org\/{rel}","templated":true}]}}