{"id":22397,"date":"2019-09-17T14:07:30","date_gmt":"2019-09-17T14:07:30","guid":{"rendered":"https:\/\/sertv.gob.pa\/crisolfm\/?p=22397"},"modified":"2019-09-17T14:07:30","modified_gmt":"2019-09-17T14:07:30","slug":"calidad-pascual-se-une-a-cero-emisiones-con-su-nueva-flota-de-vehiculos-electricos","status":"publish","type":"post","link":"https:\/\/sertv.gob.pa\/crisolfm\/calidad-pascual-se-une-a-cero-emisiones-con-su-nueva-flota-de-vehiculos-electricos\/","title":{"rendered":"Calidad Pascual se une a Cero emisiones con su nueva flota de veh\u00edculos el\u00e9ctricos"},"content":{"rendered":"<p>En el marco de la Semana Europea de la Movilidad Sostenible, que se celebra del 16 al 22 de septiembre, la compa\u00f1\u00eda ha presentado su flota de 500 nuevos veh\u00edculos BMW, entre ellos h\u00edbridos<strong> enchufables y 100% el\u00e9ctricos,<\/strong> que cuentan con el distintivo medioambiental 0 emisiones de la DGT.<\/p>\n<p>La empresa a\u00f1ade que esta flota reducir\u00e1 sus emisiones de \u00f3xidos de nitr\u00f3geno en un 65%, as\u00ed como las de part\u00edculas en m\u00e1s de un 40%, emitiendo as\u00ed la mitad de CO2 que el veh\u00edculo promedio en Espa\u00f1a y diez veces menos en el caso de los \u00f3xidos de nitr\u00f3geno y de part\u00edculas. Este proyecto est\u00e1 enmarcado en su Plan de Impacto Medioambiental 2020, cuyo objetivo es reducir un 20% las emisiones de CO2 que provienen de la movilidad. As\u00ed, Pascual apunta que incluye un plan de infraestructuras y acuerdos con terceros para ofrecer <strong>nuevos puntos de recarga.<\/strong><\/p>\n<p>El proyecto, unido a la inversi\u00f3n en la flota el\u00e9ctrica, cuenta con una inversi\u00f3n de 4 millones de euros con los que llevar\u00e1n a cabo las instalaciones de los puntos de recarga y la renovaci\u00f3n de la flota el\u00e9ctrica. En este sentido, el coordinador de Movilidad Sostenible de la compa\u00f1\u00eda, Jos\u00e9 Carlos Espeso, ha destacado que \u00abcon esta nueva flota la compa\u00f1\u00eda da paso m\u00e1s en su Plan de Movilidad Sostenible para la <strong>descarbonizaci\u00f3n<\/strong> del transporte con el objetivo de adaptarse a las nuevas necesidades de los empleados y del negocio, as\u00ed como a los requerimientos legales que haya en el futuro\u00bb<\/p>\n<p>ECOticias<\/p>\n","protected":false},"excerpt":{"rendered":"<p>En el marco de la Semana Europea de la Movilidad <a href=\"https:\/\/sertv.gob.pa\/crisolfm\/calidad-pascual-se-une-a-cero-emisiones-con-su-nueva-flota-de-vehiculos-electricos\/\"> [&#8230;]<\/a><\/p>\n","protected":false},"author":64,"featured_media":22398,"comment_status":"closed","ping_status":"closed","sticky":false,"template":"","format":"standard","meta":{"footnotes":""},"categories":[7],"tags":[],"class_list":["post-22397","post","type-post","status-publish","format-standard","has-post-thumbnail","hentry","category-ecologicas"],"_links":{"self":[{"href":"https:\/\/sertv.gob.pa\/crisolfm\/wp-json\/wp\/v2\/posts\/22397","targetHints":{"allow":["GET"]}}],"collection":[{"href":"https:\/\/sertv.gob.pa\/crisolfm\/wp-json\/wp\/v2\/posts"}],"about":[{"href":"https:\/\/sertv.gob.pa\/crisolfm\/wp-json\/wp\/v2\/types\/post"}],"author":[{"embeddable":true,"href":"https:\/\/sertv.gob.pa\/crisolfm\/wp-json\/wp\/v2\/users\/64"}],"replies":[{"embeddable":true,"href":"https:\/\/sertv.gob.pa\/crisolfm\/wp-json\/wp\/v2\/comments?post=22397"}],"version-history":[{"count":1,"href":"https:\/\/sertv.gob.pa\/crisolfm\/wp-json\/wp\/v2\/posts\/22397\/revisions"}],"predecessor-version":[{"id":22399,"href":"https:\/\/sertv.gob.pa\/crisolfm\/wp-json\/wp\/v2\/posts\/22397\/revisions\/22399"}],"wp:featuredmedia":[{"embeddable":true,"href":"https:\/\/sertv.gob.pa\/crisolfm\/wp-json\/wp\/v2\/media\/22398"}],"wp:attachment":[{"href":"https:\/\/sertv.gob.pa\/crisolfm\/wp-json\/wp\/v2\/media?parent=22397"}],"wp:term":[{"taxonomy":"category","embeddable":true,"href":"https:\/\/sertv.gob.pa\/crisolfm\/wp-json\/wp\/v2\/categories?post=22397"},{"taxonomy":"post_tag","embeddable":true,"href":"https:\/\/sertv.gob.pa\/crisolfm\/wp-json\/wp\/v2\/tags?post=22397"}],"curies":[{"name":"wp","href":"https:\/\/api.w.org\/{rel}","templated":true}]}}