{"id":22400,"date":"2019-09-17T14:14:39","date_gmt":"2019-09-17T14:14:39","guid":{"rendered":"https:\/\/sertv.gob.pa\/crisolfm\/?p=22400"},"modified":"2019-09-17T14:14:39","modified_gmt":"2019-09-17T14:14:39","slug":"32o-aniversario-del-protocolo-de-montreal-para-proteger-la-capa-de-ozono","status":"publish","type":"post","link":"https:\/\/sertv.gob.pa\/crisolfm\/32o-aniversario-del-protocolo-de-montreal-para-proteger-la-capa-de-ozono\/","title":{"rendered":"32\u00ba Aniversario del \u2018Protocolo de Montreal para proteger la capa de ozono\u2019"},"content":{"rendered":"<p>La ciencia ambiental hizo que sucediera y que d\u00e9cadas despu\u00e9s el problema est\u00e9 en v\u00edas de soluci\u00f3n. Cient\u00edficos brit\u00e1nicos del Natural Environment Research Council (NERC) y el British Antarctic Survey (BAS) &#8211;Joe Farman, Brian Gardiner y Jonathan Shanklin&#8211;, dieron la alerta a trav\u00e9s de la revista Nature en 1985. Observaron <strong>grandes p\u00e9rdidas de ozono sobre la Ant\u00e1rtida,<\/strong> se\u00f1al de un peligroso adelgazamiento de la capa de ozono en todo el mundo.<\/p>\n<p>La investigaci\u00f3n atmosf\u00e9rica posterior demostr\u00f3 el efecto de los gases artificiales sobre la capa de ozono y las consecuencias para la salud del ser humano, ya que los rayos ultravioletas del Sol pod\u00edan as\u00ed penetrar la atm\u00f3sfera m\u00e1s f\u00e1cilmente. Con esta evidencia, los gobiernos de todo el mundo<strong> tomaron medidas <\/strong>y crearon el Protocolo de Montreal de 1987, que fue firmado el 16 de septiembre. El protocolo, junto con otros instrumentos legislativos adicionales, ha garantizado la eliminaci\u00f3n r\u00e1pida de las sustancias que agotan el ozono. Fue el primer tratado de la ONU que alcanz\u00f3 ratificaci\u00f3n universal.<\/p>\n<p>Despu\u00e9s de 32 a\u00f1os, el Protocolo de Montreal contin\u00faa siendo ejemplo de una <strong>acci\u00f3n global exitosa<\/strong> para abordar un problema medioambiental mundial. De acuerdo con la \u00faltima Evaluaci\u00f3n cient\u00edfica del agotamiento del ozono completada en 2018, partes de la capa de ozono se han recuperado a una tasa de 1-3% por d\u00e9cada desde 2000.<\/p>\n<p>ECOticias<\/p>\n","protected":false},"excerpt":{"rendered":"<p>La ciencia ambiental hizo que sucediera y que d\u00e9cadas despu\u00e9s <a href=\"https:\/\/sertv.gob.pa\/crisolfm\/32o-aniversario-del-protocolo-de-montreal-para-proteger-la-capa-de-ozono\/\"> [&#8230;]<\/a><\/p>\n","protected":false},"author":64,"featured_media":22401,"comment_status":"closed","ping_status":"closed","sticky":false,"template":"","format":"standard","meta":{"footnotes":""},"categories":[7],"tags":[],"class_list":["post-22400","post","type-post","status-publish","format-standard","has-post-thumbnail","hentry","category-ecologicas"],"_links":{"self":[{"href":"https:\/\/sertv.gob.pa\/crisolfm\/wp-json\/wp\/v2\/posts\/22400","targetHints":{"allow":["GET"]}}],"collection":[{"href":"https:\/\/sertv.gob.pa\/crisolfm\/wp-json\/wp\/v2\/posts"}],"about":[{"href":"https:\/\/sertv.gob.pa\/crisolfm\/wp-json\/wp\/v2\/types\/post"}],"author":[{"embeddable":true,"href":"https:\/\/sertv.gob.pa\/crisolfm\/wp-json\/wp\/v2\/users\/64"}],"replies":[{"embeddable":true,"href":"https:\/\/sertv.gob.pa\/crisolfm\/wp-json\/wp\/v2\/comments?post=22400"}],"version-history":[{"count":1,"href":"https:\/\/sertv.gob.pa\/crisolfm\/wp-json\/wp\/v2\/posts\/22400\/revisions"}],"predecessor-version":[{"id":22402,"href":"https:\/\/sertv.gob.pa\/crisolfm\/wp-json\/wp\/v2\/posts\/22400\/revisions\/22402"}],"wp:featuredmedia":[{"embeddable":true,"href":"https:\/\/sertv.gob.pa\/crisolfm\/wp-json\/wp\/v2\/media\/22401"}],"wp:attachment":[{"href":"https:\/\/sertv.gob.pa\/crisolfm\/wp-json\/wp\/v2\/media?parent=22400"}],"wp:term":[{"taxonomy":"category","embeddable":true,"href":"https:\/\/sertv.gob.pa\/crisolfm\/wp-json\/wp\/v2\/categories?post=22400"},{"taxonomy":"post_tag","embeddable":true,"href":"https:\/\/sertv.gob.pa\/crisolfm\/wp-json\/wp\/v2\/tags?post=22400"}],"curies":[{"name":"wp","href":"https:\/\/api.w.org\/{rel}","templated":true}]}}