{"id":22433,"date":"2019-09-18T14:24:10","date_gmt":"2019-09-18T14:24:10","guid":{"rendered":"https:\/\/sertv.gob.pa\/crisolfm\/?p=22433"},"modified":"2019-09-18T14:24:10","modified_gmt":"2019-09-18T14:24:10","slug":"el-2-festival-de-piano-de-panama","status":"publish","type":"post","link":"https:\/\/sertv.gob.pa\/crisolfm\/el-2-festival-de-piano-de-panama\/","title":{"rendered":"El 2\u00b0 Festival de Piano de Panam\u00e1"},"content":{"rendered":"<p>La Asociaci\u00f3n de Pianistas de Panam\u00e1 concluye, el lunes 30 de septiembre, con el Pianot\u00f3n, la gran marat\u00f3n de pianistas, donde participar\u00e1n ni\u00f1os y j\u00f3venes provenientes de diferentes \u00e1reas de Panam\u00e1.<\/p>\n<p>Los m\u00fasicos interpretar\u00e1n obras de los grandes compositores y melod\u00edas famosas. El evento se realizar\u00e1 en el Ateneo de Ciudad del Saber, a las 6:30 p.m. La entrada es gratuita.<\/p>\n<p>&nbsp;<\/p>\n","protected":false},"excerpt":{"rendered":"<p>La Asociaci\u00f3n de Pianistas de Panam\u00e1 concluye, el lunes 30 <a href=\"https:\/\/sertv.gob.pa\/crisolfm\/el-2-festival-de-piano-de-panama\/\"> [&#8230;]<\/a><\/p>\n","protected":false},"author":64,"featured_media":22434,"comment_status":"closed","ping_status":"closed","sticky":false,"template":"","format":"standard","meta":{"footnotes":""},"categories":[6],"tags":[],"class_list":["post-22433","post","type-post","status-publish","format-standard","has-post-thumbnail","hentry","category-culturales"],"_links":{"self":[{"href":"https:\/\/sertv.gob.pa\/crisolfm\/wp-json\/wp\/v2\/posts\/22433","targetHints":{"allow":["GET"]}}],"collection":[{"href":"https:\/\/sertv.gob.pa\/crisolfm\/wp-json\/wp\/v2\/posts"}],"about":[{"href":"https:\/\/sertv.gob.pa\/crisolfm\/wp-json\/wp\/v2\/types\/post"}],"author":[{"embeddable":true,"href":"https:\/\/sertv.gob.pa\/crisolfm\/wp-json\/wp\/v2\/users\/64"}],"replies":[{"embeddable":true,"href":"https:\/\/sertv.gob.pa\/crisolfm\/wp-json\/wp\/v2\/comments?post=22433"}],"version-history":[{"count":1,"href":"https:\/\/sertv.gob.pa\/crisolfm\/wp-json\/wp\/v2\/posts\/22433\/revisions"}],"predecessor-version":[{"id":22435,"href":"https:\/\/sertv.gob.pa\/crisolfm\/wp-json\/wp\/v2\/posts\/22433\/revisions\/22435"}],"wp:featuredmedia":[{"embeddable":true,"href":"https:\/\/sertv.gob.pa\/crisolfm\/wp-json\/wp\/v2\/media\/22434"}],"wp:attachment":[{"href":"https:\/\/sertv.gob.pa\/crisolfm\/wp-json\/wp\/v2\/media?parent=22433"}],"wp:term":[{"taxonomy":"category","embeddable":true,"href":"https:\/\/sertv.gob.pa\/crisolfm\/wp-json\/wp\/v2\/categories?post=22433"},{"taxonomy":"post_tag","embeddable":true,"href":"https:\/\/sertv.gob.pa\/crisolfm\/wp-json\/wp\/v2\/tags?post=22433"}],"curies":[{"name":"wp","href":"https:\/\/api.w.org\/{rel}","templated":true}]}}