{"id":22445,"date":"2019-09-18T15:20:56","date_gmt":"2019-09-18T15:20:56","guid":{"rendered":"https:\/\/sertv.gob.pa\/crisolfm\/?p=22445"},"modified":"2019-09-18T15:20:56","modified_gmt":"2019-09-18T15:20:56","slug":"el-cine-de-derechos-humanos-revela-lo-desconocido","status":"publish","type":"post","link":"https:\/\/sertv.gob.pa\/crisolfm\/el-cine-de-derechos-humanos-revela-lo-desconocido\/","title":{"rendered":"&#8216;El cine de derechos humanos revela lo desconocido&#8217;"},"content":{"rendered":"<p class=\"paragraph\" style=\"text-align: justify\">Edgar Sober\u00f3n, director del Festival Internacional de Cine de los Derechos Humanos, cree en la reivindicaci\u00f3n de la humanidad a trav\u00e9s de la expresi\u00f3n cinematogr\u00e1fica. La migraci\u00f3n ser\u00e1 el tema principal de la III edici\u00f3n del encuentro Una nueva edici\u00f3n del Festival Internacional de Cine de los Derechos Humanos, conocido como Bannab\u00e1 Fest, ha reunido a cineastas procedentes de 17 pa\u00edses como Panam\u00e1, Estados Unidos, Espa\u00f1a, Argentina y Chile en el Istmo.<\/p>\n<p class=\"paragraph\" style=\"text-align: justify\">Sober\u00f3n explic\u00f3 que el cine de derechos humanos \u201ces una expresi\u00f3n vigorosa que tiene muchas caras, que divierte y conmueve, que revela lo desconocido y nos confirma lo sospechado\u201d. El cineasta asegur\u00f3 que el festival est\u00e1 basado en la esencia del art\u00edculo 12 de la Declaraci\u00f3n Universal de Derechos Humanos, que especifica que \u201cnadie ser\u00e1 objeto de injerencias arbitrarias en su vida privada, su familia, su domicilio o su correspondencia, ni de ataques a su honra o a su reputaci\u00f3n. Toda persona tiene derecho a la protecci\u00f3n de la ley contra tales injerencias o ataques\u201d.<\/p>\n<p class=\"paragraph\" style=\"text-align: justify\">Por otra parte, Luis Rodr\u00edguez, productor del Bannab\u00e1 Fest, coment\u00f3 que \u201cel objetivo es mostrar una manera de educar a las personas a trav\u00e9s de proyectos audiovisuales\u201d y que el enfoque de esta edici\u00f3n reposa en la calidad de las pel\u00edculas y su acercamiento a los retos globales de la actualidad.<\/p>\n<p id=\"m130-129-131\" class=\"paragraph\" style=\"text-align: justify\">Alrededor de 45 pel\u00edculas dentro de las categor\u00edas documental, estudiantil y ficci\u00f3n, fueron curadas y escogidas para su exposici\u00f3n en 29 locaciones del pa\u00eds durante el evento.<\/p>\n","protected":false},"excerpt":{"rendered":"<p>Edgar Sober\u00f3n, director del Festival Internacional de Cine de los <a href=\"https:\/\/sertv.gob.pa\/crisolfm\/el-cine-de-derechos-humanos-revela-lo-desconocido\/\"> [&#8230;]<\/a><\/p>\n","protected":false},"author":64,"featured_media":22446,"comment_status":"closed","ping_status":"closed","sticky":false,"template":"","format":"standard","meta":{"footnotes":""},"categories":[6],"tags":[],"class_list":["post-22445","post","type-post","status-publish","format-standard","has-post-thumbnail","hentry","category-culturales"],"_links":{"self":[{"href":"https:\/\/sertv.gob.pa\/crisolfm\/wp-json\/wp\/v2\/posts\/22445","targetHints":{"allow":["GET"]}}],"collection":[{"href":"https:\/\/sertv.gob.pa\/crisolfm\/wp-json\/wp\/v2\/posts"}],"about":[{"href":"https:\/\/sertv.gob.pa\/crisolfm\/wp-json\/wp\/v2\/types\/post"}],"author":[{"embeddable":true,"href":"https:\/\/sertv.gob.pa\/crisolfm\/wp-json\/wp\/v2\/users\/64"}],"replies":[{"embeddable":true,"href":"https:\/\/sertv.gob.pa\/crisolfm\/wp-json\/wp\/v2\/comments?post=22445"}],"version-history":[{"count":1,"href":"https:\/\/sertv.gob.pa\/crisolfm\/wp-json\/wp\/v2\/posts\/22445\/revisions"}],"predecessor-version":[{"id":22447,"href":"https:\/\/sertv.gob.pa\/crisolfm\/wp-json\/wp\/v2\/posts\/22445\/revisions\/22447"}],"wp:featuredmedia":[{"embeddable":true,"href":"https:\/\/sertv.gob.pa\/crisolfm\/wp-json\/wp\/v2\/media\/22446"}],"wp:attachment":[{"href":"https:\/\/sertv.gob.pa\/crisolfm\/wp-json\/wp\/v2\/media?parent=22445"}],"wp:term":[{"taxonomy":"category","embeddable":true,"href":"https:\/\/sertv.gob.pa\/crisolfm\/wp-json\/wp\/v2\/categories?post=22445"},{"taxonomy":"post_tag","embeddable":true,"href":"https:\/\/sertv.gob.pa\/crisolfm\/wp-json\/wp\/v2\/tags?post=22445"}],"curies":[{"name":"wp","href":"https:\/\/api.w.org\/{rel}","templated":true}]}}