{"id":22448,"date":"2019-09-18T15:27:38","date_gmt":"2019-09-18T15:27:38","guid":{"rendered":"https:\/\/sertv.gob.pa\/crisolfm\/?p=22448"},"modified":"2019-09-18T15:27:38","modified_gmt":"2019-09-18T15:27:38","slug":"the-new-york-times-cierra-su-edicion-en-espanol-por-no-ser-rentable","status":"publish","type":"post","link":"https:\/\/sertv.gob.pa\/crisolfm\/the-new-york-times-cierra-su-edicion-en-espanol-por-no-ser-rentable\/","title":{"rendered":"\u2018The New York Times\u2019 cierra su edici\u00f3n en espa\u00f1ol por no ser rentable"},"content":{"rendered":"<p>El diario estadounidense <em>The New York Times<\/em> ha anunciado el cierre a partir de este martes <a href=\"https:\/\/www.nytimes.com\/es\/?action=click&amp;contentCollection=Noticias&amp;region=TopBar&amp;module=HomePage-Title&amp;pgtype=article\" target=\"_blank\" rel=\"noopener\">de su edici\u00f3n en espa\u00f1ol,<\/a> que lanz\u00f3 en 2016, por no resultar \u00abfinancieramente exitosa\u00bb.<\/p>\n<p>\u00abSi bien el sitio en espa\u00f1ol atrajo a una considerable nueva audiencia hacia nuestro periodismo, y produjo regularmente art\u00edculos de los cuales estamos orgullosos, no demostr\u00f3 ser financieramente exitoso\u00bb, explic\u00f3 el diario en una nota a sus lectores.<\/p>\n<p>La edici\u00f3n en espa\u00f1ol produc\u00eda una decena de art\u00edculos al d\u00eda, en su mayor\u00eda traducciones del ingl\u00e9s, pero tambi\u00e9n originales y de opini\u00f3n, y seg\u00fan esa nota, formaba parte de \u00abun experimento\u00bb que expandi\u00f3 la cobertura de\u00a0<a href=\"https:\/\/www.nytimes.com\" target=\"_blank\" rel=\"noopener\"><em>The New York Times<\/em><\/a> a diferentes idiomas. Pese al cierre de la plataforma tal y como estaba concebida, el rotativo neoyorquino ha asegurado que \u00ablos editores continuar\u00e1n traduciendo\u00bb su periodismo \u00aba m\u00e1s de una docena de idiomas, incluso y con frecuencia al espa\u00f1ol\u00bb.<\/p>\n<p>&nbsp;<\/p>\n<p>EFE<\/p>\n","protected":false},"excerpt":{"rendered":"<p>El diario estadounidense The New York Times ha anunciado el <a href=\"https:\/\/sertv.gob.pa\/crisolfm\/the-new-york-times-cierra-su-edicion-en-espanol-por-no-ser-rentable\/\"> [&#8230;]<\/a><\/p>\n","protected":false},"author":64,"featured_media":22449,"comment_status":"closed","ping_status":"closed","sticky":false,"template":"","format":"standard","meta":{"footnotes":""},"categories":[6],"tags":[],"class_list":["post-22448","post","type-post","status-publish","format-standard","has-post-thumbnail","hentry","category-culturales"],"_links":{"self":[{"href":"https:\/\/sertv.gob.pa\/crisolfm\/wp-json\/wp\/v2\/posts\/22448","targetHints":{"allow":["GET"]}}],"collection":[{"href":"https:\/\/sertv.gob.pa\/crisolfm\/wp-json\/wp\/v2\/posts"}],"about":[{"href":"https:\/\/sertv.gob.pa\/crisolfm\/wp-json\/wp\/v2\/types\/post"}],"author":[{"embeddable":true,"href":"https:\/\/sertv.gob.pa\/crisolfm\/wp-json\/wp\/v2\/users\/64"}],"replies":[{"embeddable":true,"href":"https:\/\/sertv.gob.pa\/crisolfm\/wp-json\/wp\/v2\/comments?post=22448"}],"version-history":[{"count":1,"href":"https:\/\/sertv.gob.pa\/crisolfm\/wp-json\/wp\/v2\/posts\/22448\/revisions"}],"predecessor-version":[{"id":22450,"href":"https:\/\/sertv.gob.pa\/crisolfm\/wp-json\/wp\/v2\/posts\/22448\/revisions\/22450"}],"wp:featuredmedia":[{"embeddable":true,"href":"https:\/\/sertv.gob.pa\/crisolfm\/wp-json\/wp\/v2\/media\/22449"}],"wp:attachment":[{"href":"https:\/\/sertv.gob.pa\/crisolfm\/wp-json\/wp\/v2\/media?parent=22448"}],"wp:term":[{"taxonomy":"category","embeddable":true,"href":"https:\/\/sertv.gob.pa\/crisolfm\/wp-json\/wp\/v2\/categories?post=22448"},{"taxonomy":"post_tag","embeddable":true,"href":"https:\/\/sertv.gob.pa\/crisolfm\/wp-json\/wp\/v2\/tags?post=22448"}],"curies":[{"name":"wp","href":"https:\/\/api.w.org\/{rel}","templated":true}]}}