{"id":22454,"date":"2019-09-19T13:17:39","date_gmt":"2019-09-19T13:17:39","guid":{"rendered":"https:\/\/sertv.gob.pa\/crisolfm\/?p=22454"},"modified":"2019-09-19T13:17:39","modified_gmt":"2019-09-19T13:17:39","slug":"subastan-en-paris-coleccion-de-arte-precolombino-pese-a-protestas-de-mexico","status":"publish","type":"post","link":"https:\/\/sertv.gob.pa\/crisolfm\/subastan-en-paris-coleccion-de-arte-precolombino-pese-a-protestas-de-mexico\/","title":{"rendered":"Subastan en Par\u00eds colecci\u00f3n de arte precolombino pese a protestas de M\u00e9xico"},"content":{"rendered":"<p>Pese a las protestas de M\u00e9xico que hab\u00eda pedido su cancelaci\u00f3n, una subasta de arte precolombino se llev\u00f3 a cabo este mi\u00e9rcoles en Par\u00eds, con una diosa azteca como pieza estrella, vendida por 377 mil euros (cerca de 400 mil d\u00f3lares). M\u00e1s de un centenar de lotes procedentes de colecciones privadas fueron vendidos en este remate organizado por la casa Millon en la sala de subastas Hotel Drouot de Par\u00eds, por un monto total de 1.2 millones de euros (1.3 millones de d\u00f3lares).<\/p>\n<p>Una estatuilla de Chalchiuhtlicue, diosa azteca del agua y protectora de los nacimientos, fue adjudicada por 377 mil euros (416 mil d\u00f3lares), un precio cinco veces superior al estimado. De piedra volc\u00e1nica esculpida, la diosa tiene los ojos dirigidos hacia el cielo. Otra diosa azteca, Coatlicue, de la fertilidad y la tierra, se vendi\u00f3 por 97 mil 500 euros (107 mil d\u00f3lares), en esta subasta en que abundaron las m\u00e1scaras y las estatuillas arqueol\u00f3gicas, caracter\u00edsticas de las culturas precolombinas.<\/p>\n<p>M\u00e9xico hab\u00eda solicitado su cancelaci\u00f3n porque entre los objetos subastados \u00ab95 provienen de su patrimonio cultural\u00bb, y 23 son imitaciones de fabricaci\u00f3n reciente, asegur\u00f3 su embajador en Francia, Juan Manuel G\u00f3mez Robledo. El diplom\u00e1tico afirm\u00f3 apoyarse en los resultados de un peritaje del Instituto Nacional de Antropolog\u00eda e Historia de M\u00e9xico.<\/p>\n<p>AFP<\/p>\n","protected":false},"excerpt":{"rendered":"<p>Pese a las protestas de M\u00e9xico que hab\u00eda pedido su <a href=\"https:\/\/sertv.gob.pa\/crisolfm\/subastan-en-paris-coleccion-de-arte-precolombino-pese-a-protestas-de-mexico\/\"> [&#8230;]<\/a><\/p>\n","protected":false},"author":64,"featured_media":22455,"comment_status":"closed","ping_status":"closed","sticky":false,"template":"","format":"standard","meta":{"footnotes":""},"categories":[6],"tags":[],"class_list":["post-22454","post","type-post","status-publish","format-standard","has-post-thumbnail","hentry","category-culturales"],"_links":{"self":[{"href":"https:\/\/sertv.gob.pa\/crisolfm\/wp-json\/wp\/v2\/posts\/22454","targetHints":{"allow":["GET"]}}],"collection":[{"href":"https:\/\/sertv.gob.pa\/crisolfm\/wp-json\/wp\/v2\/posts"}],"about":[{"href":"https:\/\/sertv.gob.pa\/crisolfm\/wp-json\/wp\/v2\/types\/post"}],"author":[{"embeddable":true,"href":"https:\/\/sertv.gob.pa\/crisolfm\/wp-json\/wp\/v2\/users\/64"}],"replies":[{"embeddable":true,"href":"https:\/\/sertv.gob.pa\/crisolfm\/wp-json\/wp\/v2\/comments?post=22454"}],"version-history":[{"count":1,"href":"https:\/\/sertv.gob.pa\/crisolfm\/wp-json\/wp\/v2\/posts\/22454\/revisions"}],"predecessor-version":[{"id":22456,"href":"https:\/\/sertv.gob.pa\/crisolfm\/wp-json\/wp\/v2\/posts\/22454\/revisions\/22456"}],"wp:featuredmedia":[{"embeddable":true,"href":"https:\/\/sertv.gob.pa\/crisolfm\/wp-json\/wp\/v2\/media\/22455"}],"wp:attachment":[{"href":"https:\/\/sertv.gob.pa\/crisolfm\/wp-json\/wp\/v2\/media?parent=22454"}],"wp:term":[{"taxonomy":"category","embeddable":true,"href":"https:\/\/sertv.gob.pa\/crisolfm\/wp-json\/wp\/v2\/categories?post=22454"},{"taxonomy":"post_tag","embeddable":true,"href":"https:\/\/sertv.gob.pa\/crisolfm\/wp-json\/wp\/v2\/tags?post=22454"}],"curies":[{"name":"wp","href":"https:\/\/api.w.org\/{rel}","templated":true}]}}