{"id":22460,"date":"2019-09-19T13:38:32","date_gmt":"2019-09-19T13:38:32","guid":{"rendered":"https:\/\/sertv.gob.pa\/crisolfm\/?p=22460"},"modified":"2019-09-19T13:38:32","modified_gmt":"2019-09-19T13:38:32","slug":"ganadores-de-los-premios-victoria","status":"publish","type":"post","link":"https:\/\/sertv.gob.pa\/crisolfm\/ganadores-de-los-premios-victoria\/","title":{"rendered":"Ganadores de los Premios Victoria"},"content":{"rendered":"<p>La XXVII Gala de los Premios Victoria, organizada por los estudiantes de Comunicaci\u00f3n Social de la Universidad Santa Mar\u00eda la Antigua (Usma), se dio la noche de este mi\u00e9rcoles 18 de septiembre en la sala IMAX, del Canal de Panam\u00e1, esclusas de Miraflores. Se premi\u00f3 a lo mejor de la prensa escrita, radio, televisi\u00f3n y cine.<\/p>\n<p>Entre los ganadores est\u00e1n: La Prensa, mejor grupo editorial; Revista Ellas, mejor revista de estilo de vida (La Prensa); Alexander Arosemena, reportero gr\u00e1fico destacado (La Prensa); Delmiro Quiroga, mejor caricaturista (El Siglo). Igualmente se premi\u00f3 a Ya P\u00e1rate, mejor programa de entretenimiento matutino; RPC Radio, mejor noticiero radial matutino; Rolando Sterling, mejor presentador de programa revista; Jelou (TVN), mejor programa revista.<\/p>\n<p>Otros galardonados fueron:\u00a0 Somos la Sele, mejor programa deportivo televisivo; Hecho en Panam\u00e1 (TVN), mejor programa de producci\u00f3n nacional cultura; TVN Noticias, mejor noticiero televisivo estelar; Vive la M\u00fasica (TVN), mejor megaproyecto de televisi\u00f3n y Siria Miranda (TVN), mejor periodista de televisi\u00f3n.<\/p>\n<p>&nbsp;<\/p>\n<p>&nbsp;<\/p>\n<p>&nbsp;<\/p>\n","protected":false},"excerpt":{"rendered":"<p>La XXVII Gala de los Premios Victoria, organizada por los <a href=\"https:\/\/sertv.gob.pa\/crisolfm\/ganadores-de-los-premios-victoria\/\"> [&#8230;]<\/a><\/p>\n","protected":false},"author":64,"featured_media":22462,"comment_status":"closed","ping_status":"closed","sticky":false,"template":"","format":"standard","meta":{"footnotes":""},"categories":[6],"tags":[],"class_list":["post-22460","post","type-post","status-publish","format-standard","has-post-thumbnail","hentry","category-culturales"],"_links":{"self":[{"href":"https:\/\/sertv.gob.pa\/crisolfm\/wp-json\/wp\/v2\/posts\/22460","targetHints":{"allow":["GET"]}}],"collection":[{"href":"https:\/\/sertv.gob.pa\/crisolfm\/wp-json\/wp\/v2\/posts"}],"about":[{"href":"https:\/\/sertv.gob.pa\/crisolfm\/wp-json\/wp\/v2\/types\/post"}],"author":[{"embeddable":true,"href":"https:\/\/sertv.gob.pa\/crisolfm\/wp-json\/wp\/v2\/users\/64"}],"replies":[{"embeddable":true,"href":"https:\/\/sertv.gob.pa\/crisolfm\/wp-json\/wp\/v2\/comments?post=22460"}],"version-history":[{"count":1,"href":"https:\/\/sertv.gob.pa\/crisolfm\/wp-json\/wp\/v2\/posts\/22460\/revisions"}],"predecessor-version":[{"id":22463,"href":"https:\/\/sertv.gob.pa\/crisolfm\/wp-json\/wp\/v2\/posts\/22460\/revisions\/22463"}],"wp:featuredmedia":[{"embeddable":true,"href":"https:\/\/sertv.gob.pa\/crisolfm\/wp-json\/wp\/v2\/media\/22462"}],"wp:attachment":[{"href":"https:\/\/sertv.gob.pa\/crisolfm\/wp-json\/wp\/v2\/media?parent=22460"}],"wp:term":[{"taxonomy":"category","embeddable":true,"href":"https:\/\/sertv.gob.pa\/crisolfm\/wp-json\/wp\/v2\/categories?post=22460"},{"taxonomy":"post_tag","embeddable":true,"href":"https:\/\/sertv.gob.pa\/crisolfm\/wp-json\/wp\/v2\/tags?post=22460"}],"curies":[{"name":"wp","href":"https:\/\/api.w.org\/{rel}","templated":true}]}}