{"id":22473,"date":"2019-09-19T14:32:46","date_gmt":"2019-09-19T14:32:46","guid":{"rendered":"https:\/\/sertv.gob.pa\/crisolfm\/?p=22473"},"modified":"2019-09-19T14:32:46","modified_gmt":"2019-09-19T14:32:46","slug":"exposicion-fotografica-wadada-en-plaza-ciudad-del-saber","status":"publish","type":"post","link":"https:\/\/sertv.gob.pa\/crisolfm\/exposicion-fotografica-wadada-en-plaza-ciudad-del-saber\/","title":{"rendered":"Exposici\u00f3n fotogr\u00e1fica \u201cWadada\u201d, en Plaza Ciudad del Saber"},"content":{"rendered":"<p>Punto Bohemio, PIPCultural, Ciudad del Saber y Claramente inaugurar\u00e1n la exposici\u00f3n fotogr\u00e1fica &#8216;Wadada&#8217;, una muestra que lleva como tema central el proceso migratorio que tiene lugar en la selva del Dari\u00e9n.<\/p>\n<p>Los fotoperiodistas paname\u00f1os Mauricio Valenzuela y Bienvenido Velasco le dan una cara humana a los miles de personas que toman la decisi\u00f3n de salir de sus hogares cada a\u00f1o.<\/p>\n<p>Los visitantes podr\u00e1n acudir, a partir de hoy a las 5:00 p.m., hasta el pr\u00f3ximo 3 de octubre, en La Plaza de Ciudad del Saber. La entrada es gratuita.<\/p>\n","protected":false},"excerpt":{"rendered":"<p>Punto Bohemio, PIPCultural, Ciudad del Saber y Claramente inaugurar\u00e1n la <a href=\"https:\/\/sertv.gob.pa\/crisolfm\/exposicion-fotografica-wadada-en-plaza-ciudad-del-saber\/\"> [&#8230;]<\/a><\/p>\n","protected":false},"author":64,"featured_media":22474,"comment_status":"closed","ping_status":"closed","sticky":false,"template":"","format":"standard","meta":{"footnotes":""},"categories":[6],"tags":[],"class_list":["post-22473","post","type-post","status-publish","format-standard","has-post-thumbnail","hentry","category-culturales"],"_links":{"self":[{"href":"https:\/\/sertv.gob.pa\/crisolfm\/wp-json\/wp\/v2\/posts\/22473","targetHints":{"allow":["GET"]}}],"collection":[{"href":"https:\/\/sertv.gob.pa\/crisolfm\/wp-json\/wp\/v2\/posts"}],"about":[{"href":"https:\/\/sertv.gob.pa\/crisolfm\/wp-json\/wp\/v2\/types\/post"}],"author":[{"embeddable":true,"href":"https:\/\/sertv.gob.pa\/crisolfm\/wp-json\/wp\/v2\/users\/64"}],"replies":[{"embeddable":true,"href":"https:\/\/sertv.gob.pa\/crisolfm\/wp-json\/wp\/v2\/comments?post=22473"}],"version-history":[{"count":1,"href":"https:\/\/sertv.gob.pa\/crisolfm\/wp-json\/wp\/v2\/posts\/22473\/revisions"}],"predecessor-version":[{"id":22475,"href":"https:\/\/sertv.gob.pa\/crisolfm\/wp-json\/wp\/v2\/posts\/22473\/revisions\/22475"}],"wp:featuredmedia":[{"embeddable":true,"href":"https:\/\/sertv.gob.pa\/crisolfm\/wp-json\/wp\/v2\/media\/22474"}],"wp:attachment":[{"href":"https:\/\/sertv.gob.pa\/crisolfm\/wp-json\/wp\/v2\/media?parent=22473"}],"wp:term":[{"taxonomy":"category","embeddable":true,"href":"https:\/\/sertv.gob.pa\/crisolfm\/wp-json\/wp\/v2\/categories?post=22473"},{"taxonomy":"post_tag","embeddable":true,"href":"https:\/\/sertv.gob.pa\/crisolfm\/wp-json\/wp\/v2\/tags?post=22473"}],"curies":[{"name":"wp","href":"https:\/\/api.w.org\/{rel}","templated":true}]}}