{"id":22488,"date":"2019-09-19T16:26:43","date_gmt":"2019-09-19T16:26:43","guid":{"rendered":"https:\/\/sertv.gob.pa\/crisolfm\/?p=22488"},"modified":"2019-09-19T16:26:43","modified_gmt":"2019-09-19T16:26:43","slug":"china-gana-la-carrera-del-coche-electrico","status":"publish","type":"post","link":"https:\/\/sertv.gob.pa\/crisolfm\/china-gana-la-carrera-del-coche-electrico\/","title":{"rendered":"China gana la carrera del coche el\u00e9ctrico"},"content":{"rendered":"<p>El estudio, realizado por Euler Hermes, recoge que Europa se enfrenta ahora a otras potencias, como <strong>China, Estados Unidos o Jap\u00f3n<\/strong>, que est\u00e1n avanzando en el camino al progreso y que se encuentran m\u00e1s preparadas para la eventual transformaci\u00f3n hacia la movilidad el\u00e9ctrica.<\/p>\n<p>En t\u00e9rminos de efectividad de las pol\u00edticas regulatorias de cada pa\u00eds, China destaca de forma significativa, as\u00ed como en la penetraci\u00f3n de los veh\u00edculos el\u00e9ctricos en el mercado, con un 4,2% frente al 2,5% de Europa.<\/p>\n<p>Con respecto a la cuota de mercado, el gigante asi\u00e1tico acumula un 17% del mercado a nivel mundial y la <strong>adaptaci\u00f3n de su sistema el\u00e9ctrico <\/strong>favorecer\u00e1 su posici\u00f3n: para 2030, prev\u00e9 un aumento de la capacidad de generaci\u00f3n de energ\u00eda diez veces superior a Europa, por lo que tiene mayor margen para absorber la demanda de veh\u00edculos el\u00e9ctricos.<\/p>\n<p>Por otra parte, los calendarios de lanzamiento de nuevos modelos de veh\u00edculos el\u00e9ctricos son indicador de la presencia que tendr\u00e1n en el mundo. En este sentido, Europa se coloca a la cabeza con 130 de 350 lanzamientos a nivel global, seguida por China, cuyos lanzamientos se encuentran m\u00e1s espaciados en el tiempo.<\/p>\n<p>ECOticias<\/p>\n","protected":false},"excerpt":{"rendered":"<p>El estudio, realizado por Euler Hermes, recoge que Europa se <a href=\"https:\/\/sertv.gob.pa\/crisolfm\/china-gana-la-carrera-del-coche-electrico\/\"> [&#8230;]<\/a><\/p>\n","protected":false},"author":64,"featured_media":22489,"comment_status":"closed","ping_status":"closed","sticky":false,"template":"","format":"standard","meta":{"footnotes":""},"categories":[7],"tags":[],"class_list":["post-22488","post","type-post","status-publish","format-standard","has-post-thumbnail","hentry","category-ecologicas"],"_links":{"self":[{"href":"https:\/\/sertv.gob.pa\/crisolfm\/wp-json\/wp\/v2\/posts\/22488","targetHints":{"allow":["GET"]}}],"collection":[{"href":"https:\/\/sertv.gob.pa\/crisolfm\/wp-json\/wp\/v2\/posts"}],"about":[{"href":"https:\/\/sertv.gob.pa\/crisolfm\/wp-json\/wp\/v2\/types\/post"}],"author":[{"embeddable":true,"href":"https:\/\/sertv.gob.pa\/crisolfm\/wp-json\/wp\/v2\/users\/64"}],"replies":[{"embeddable":true,"href":"https:\/\/sertv.gob.pa\/crisolfm\/wp-json\/wp\/v2\/comments?post=22488"}],"version-history":[{"count":1,"href":"https:\/\/sertv.gob.pa\/crisolfm\/wp-json\/wp\/v2\/posts\/22488\/revisions"}],"predecessor-version":[{"id":22490,"href":"https:\/\/sertv.gob.pa\/crisolfm\/wp-json\/wp\/v2\/posts\/22488\/revisions\/22490"}],"wp:featuredmedia":[{"embeddable":true,"href":"https:\/\/sertv.gob.pa\/crisolfm\/wp-json\/wp\/v2\/media\/22489"}],"wp:attachment":[{"href":"https:\/\/sertv.gob.pa\/crisolfm\/wp-json\/wp\/v2\/media?parent=22488"}],"wp:term":[{"taxonomy":"category","embeddable":true,"href":"https:\/\/sertv.gob.pa\/crisolfm\/wp-json\/wp\/v2\/categories?post=22488"},{"taxonomy":"post_tag","embeddable":true,"href":"https:\/\/sertv.gob.pa\/crisolfm\/wp-json\/wp\/v2\/tags?post=22488"}],"curies":[{"name":"wp","href":"https:\/\/api.w.org\/{rel}","templated":true}]}}