{"id":22521,"date":"2019-09-20T14:27:36","date_gmt":"2019-09-20T14:27:36","guid":{"rendered":"https:\/\/sertv.gob.pa\/crisolfm\/?p=22521"},"modified":"2019-09-20T14:27:36","modified_gmt":"2019-09-20T14:27:36","slug":"amazon-compra-100-000-vehiculos-electricos","status":"publish","type":"post","link":"https:\/\/sertv.gob.pa\/crisolfm\/amazon-compra-100-000-vehiculos-electricos\/","title":{"rendered":"Amazon compra 100.000 veh\u00edculos el\u00e9ctricos"},"content":{"rendered":"<p>El gigante de la distribuci\u00f3n Amazon se ha comprometido a cumplir el Acuerdo de Par\u00eds contra el cambio clim\u00e1tico firmado en 2015 diez a\u00f1os antes de lo establecido y <strong>ha comprado a Rivian<\/strong> 100.000 veh\u00edculos completamente el\u00e9ctricos para sus entregas, entre otras acciones. Seg\u00fan inform\u00f3 la compa\u00f1\u00eda en un comunicado, esta compra supone el pedido m\u00e1s grande del mundo de veh\u00edculos el\u00e9ctricos destinado al reparto de paqueter\u00eda. Los veh\u00edculos comenzar\u00e1n a operar en 2021.<\/p>\n<p>Adem\u00e1s, la multinacional asegura que utilizar\u00e1 <strong>energ\u00eda 100% renovable<\/strong> para 2030 y ser\u00e1 neutra en carbono para 2040. Tambi\u00e9n invertir\u00e1 100 millones de d\u00f3lares (90,55 millones de euros) en proyectos de reforestaci\u00f3n en todo el mundo.<\/p>\n<p>\u00abSi una empresa con tanta infraestructura f\u00edsica como Amazon, que entrega m\u00e1s de 10.000 millones de art\u00edculos al a\u00f1o, <strong>puede cumplir con el Acuerdo de Par\u00eds diez a\u00f1os antes<\/strong>, entonces cualquier empresa puede hacerlo\u00bb, se\u00f1al\u00f3 el fundador y consejero delegado de la empresa, Jeff Bezos.<\/p>\n<p>ECOticias<\/p>\n","protected":false},"excerpt":{"rendered":"<p>El gigante de la distribuci\u00f3n Amazon se ha comprometido a <a href=\"https:\/\/sertv.gob.pa\/crisolfm\/amazon-compra-100-000-vehiculos-electricos\/\"> [&#8230;]<\/a><\/p>\n","protected":false},"author":64,"featured_media":22522,"comment_status":"closed","ping_status":"closed","sticky":false,"template":"","format":"standard","meta":{"footnotes":""},"categories":[7],"tags":[],"class_list":["post-22521","post","type-post","status-publish","format-standard","has-post-thumbnail","hentry","category-ecologicas"],"_links":{"self":[{"href":"https:\/\/sertv.gob.pa\/crisolfm\/wp-json\/wp\/v2\/posts\/22521","targetHints":{"allow":["GET"]}}],"collection":[{"href":"https:\/\/sertv.gob.pa\/crisolfm\/wp-json\/wp\/v2\/posts"}],"about":[{"href":"https:\/\/sertv.gob.pa\/crisolfm\/wp-json\/wp\/v2\/types\/post"}],"author":[{"embeddable":true,"href":"https:\/\/sertv.gob.pa\/crisolfm\/wp-json\/wp\/v2\/users\/64"}],"replies":[{"embeddable":true,"href":"https:\/\/sertv.gob.pa\/crisolfm\/wp-json\/wp\/v2\/comments?post=22521"}],"version-history":[{"count":1,"href":"https:\/\/sertv.gob.pa\/crisolfm\/wp-json\/wp\/v2\/posts\/22521\/revisions"}],"predecessor-version":[{"id":22523,"href":"https:\/\/sertv.gob.pa\/crisolfm\/wp-json\/wp\/v2\/posts\/22521\/revisions\/22523"}],"wp:featuredmedia":[{"embeddable":true,"href":"https:\/\/sertv.gob.pa\/crisolfm\/wp-json\/wp\/v2\/media\/22522"}],"wp:attachment":[{"href":"https:\/\/sertv.gob.pa\/crisolfm\/wp-json\/wp\/v2\/media?parent=22521"}],"wp:term":[{"taxonomy":"category","embeddable":true,"href":"https:\/\/sertv.gob.pa\/crisolfm\/wp-json\/wp\/v2\/categories?post=22521"},{"taxonomy":"post_tag","embeddable":true,"href":"https:\/\/sertv.gob.pa\/crisolfm\/wp-json\/wp\/v2\/tags?post=22521"}],"curies":[{"name":"wp","href":"https:\/\/api.w.org\/{rel}","templated":true}]}}