{"id":22524,"date":"2019-09-20T15:16:38","date_gmt":"2019-09-20T15:16:38","guid":{"rendered":"https:\/\/sertv.gob.pa\/crisolfm\/?p=22524"},"modified":"2019-09-20T15:16:38","modified_gmt":"2019-09-20T15:16:38","slug":"panama-invitada-a-encuentro-literario-en-francia","status":"publish","type":"post","link":"https:\/\/sertv.gob.pa\/crisolfm\/panama-invitada-a-encuentro-literario-en-francia\/","title":{"rendered":"Panam\u00e1, invitada a encuentro literario en Francia"},"content":{"rendered":"<p>Panam\u00e1 estar\u00e1 representada por los escritores <u>Giovanna Benedetti<\/u>, <u>Jos\u00e9 Luis Rodr\u00edguez Pitt\u00ed<\/u> y <u>Vladimir V\u00edquez<\/u> en el Tercer Encuentro de Literatura Hispanoamericana que se efectuar\u00e1 este 19 y 20 de septiembre en Par\u00eds, Francia. La cita ser\u00e1 en la sala de conferencias Benito Ju\u00e1rez de la Fundaci\u00f3n de la Casa de M\u00e9xico, ubicada de Ciudad Internacional Universitaria de Par\u00eds.<\/p>\n<p><u>Giovanna Benedetti<\/u> ha sido ganadora en seis ocasiones del Premio Ricardo Mir\u00f3 en Panam\u00e1. <u>Jos\u00e9 Luis Rodr\u00edguez\u00a0Pitt\u00ed <\/u>es escritor, artista visual, editor literario, ingeniero, educador y gestor cultural. <u>Vladimir V\u00edquez<\/u>\u00a0gan\u00f3 en 2016 el premio Nacional Hersilia Ramos de Argote con <strong>En el jard\u00edn<\/strong>. Es docente de la Universidad Aut\u00f3noma de Chiriqu\u00ed (Unachi) y cursa un doctorado en Francia.<\/p>\n<p>Flor Mar\u00eda Mu\u00f1oz Ba\u00f1ales, organizadora y fundadora del encuentro, inform\u00f3 que un total de 16 escritores de 11 pa\u00edses hispanoamericanos est\u00e1n confirmados. Los pa\u00edses que estar\u00e1n representados en el encuentro son: Argentina, Chile, Colombia, Ecuador, El Salvador, Espa\u00f1a, M\u00e9xico, Panam\u00e1, Per\u00fa, Uruguay y Venezuela.<\/p>\n<p>&nbsp;<\/p>\n","protected":false},"excerpt":{"rendered":"<p>Panam\u00e1 estar\u00e1 representada por los escritores Giovanna Benedetti, Jos\u00e9 Luis <a href=\"https:\/\/sertv.gob.pa\/crisolfm\/panama-invitada-a-encuentro-literario-en-francia\/\"> [&#8230;]<\/a><\/p>\n","protected":false},"author":64,"featured_media":22525,"comment_status":"closed","ping_status":"closed","sticky":false,"template":"","format":"standard","meta":{"footnotes":""},"categories":[6],"tags":[],"class_list":["post-22524","post","type-post","status-publish","format-standard","has-post-thumbnail","hentry","category-culturales"],"_links":{"self":[{"href":"https:\/\/sertv.gob.pa\/crisolfm\/wp-json\/wp\/v2\/posts\/22524","targetHints":{"allow":["GET"]}}],"collection":[{"href":"https:\/\/sertv.gob.pa\/crisolfm\/wp-json\/wp\/v2\/posts"}],"about":[{"href":"https:\/\/sertv.gob.pa\/crisolfm\/wp-json\/wp\/v2\/types\/post"}],"author":[{"embeddable":true,"href":"https:\/\/sertv.gob.pa\/crisolfm\/wp-json\/wp\/v2\/users\/64"}],"replies":[{"embeddable":true,"href":"https:\/\/sertv.gob.pa\/crisolfm\/wp-json\/wp\/v2\/comments?post=22524"}],"version-history":[{"count":1,"href":"https:\/\/sertv.gob.pa\/crisolfm\/wp-json\/wp\/v2\/posts\/22524\/revisions"}],"predecessor-version":[{"id":22526,"href":"https:\/\/sertv.gob.pa\/crisolfm\/wp-json\/wp\/v2\/posts\/22524\/revisions\/22526"}],"wp:featuredmedia":[{"embeddable":true,"href":"https:\/\/sertv.gob.pa\/crisolfm\/wp-json\/wp\/v2\/media\/22525"}],"wp:attachment":[{"href":"https:\/\/sertv.gob.pa\/crisolfm\/wp-json\/wp\/v2\/media?parent=22524"}],"wp:term":[{"taxonomy":"category","embeddable":true,"href":"https:\/\/sertv.gob.pa\/crisolfm\/wp-json\/wp\/v2\/categories?post=22524"},{"taxonomy":"post_tag","embeddable":true,"href":"https:\/\/sertv.gob.pa\/crisolfm\/wp-json\/wp\/v2\/tags?post=22524"}],"curies":[{"name":"wp","href":"https:\/\/api.w.org\/{rel}","templated":true}]}}