{"id":22527,"date":"2019-09-20T15:22:40","date_gmt":"2019-09-20T15:22:40","guid":{"rendered":"https:\/\/sertv.gob.pa\/crisolfm\/?p=22527"},"modified":"2019-09-20T15:22:40","modified_gmt":"2019-09-20T15:22:40","slug":"festival-de-la-mejorana-del-25-al-29-de-septiembre-en-guarare","status":"publish","type":"post","link":"https:\/\/sertv.gob.pa\/crisolfm\/festival-de-la-mejorana-del-25-al-29-de-septiembre-en-guarare\/","title":{"rendered":"Festival de la Mejorana del 25 al 29 de septiembre en Guarar\u00e9"},"content":{"rendered":"<p>Por septuag\u00e9simo a\u00f1o consecutivo, el distrito de Guarar\u00e9 celebrar\u00e1 entre tonadas, salomas y bailes, el Festival Nacional de la Mejorana, del 25 al 29 de septiembre del 2019.\u00a0David Vergara, presidente del patronato de la celebraci\u00f3n, detall\u00f3 que en esta edici\u00f3n rendir\u00e1n honor a los a\u00f1os en pro del rescate de la cultura paname\u00f1a y reafirmar\u00e1n su compromiso como propulsores de las tradiciones paname\u00f1as.<\/p>\n<p>Vergara coment\u00f3 que durante el festival, homenajear\u00e1n con el premio \u201cDora P\u00e9rez de Z\u00e1rate\u201d a investigadores del folclor nacional, como Iv\u00e1n Mart\u00ednez, docente y estudioso de los bailes tradicionales.\u00a0 Adem\u00e1s, manifest\u00f3 que entregar\u00e1n la condecoraci\u00f3n \u201cOrden Manuel F. Z\u00e1rate\u201d, m\u00e1ximo galard\u00f3n de la gala, a H\u00e9ctor Virgilio Gonz\u00e1lez, m\u00fasico paname\u00f1o y cantador de d\u00e9cima.<\/p>\n<p>Vergara tambi\u00e9n destac\u00f3 que durante la actividad, la econom\u00eda local y la de los pueblos aleda\u00f1os, se reactiva gracias a los visitantes que llegan a la provincia. Agreg\u00f3 que desde ya, los hoteles en Chitr\u00e9, Las Tablas y Guarar\u00e9, se hallan casi en su m\u00e1ximo nivel de ocupaci\u00f3n, lo que indica un gran movimiento tur\u00edstico alrededor de la zona.<\/p>\n<p>&nbsp;<\/p>\n","protected":false},"excerpt":{"rendered":"<p>Por septuag\u00e9simo a\u00f1o consecutivo, el distrito de Guarar\u00e9 celebrar\u00e1 entre <a href=\"https:\/\/sertv.gob.pa\/crisolfm\/festival-de-la-mejorana-del-25-al-29-de-septiembre-en-guarare\/\"> [&#8230;]<\/a><\/p>\n","protected":false},"author":64,"featured_media":22528,"comment_status":"closed","ping_status":"closed","sticky":false,"template":"","format":"standard","meta":{"footnotes":""},"categories":[6],"tags":[],"class_list":["post-22527","post","type-post","status-publish","format-standard","has-post-thumbnail","hentry","category-culturales"],"_links":{"self":[{"href":"https:\/\/sertv.gob.pa\/crisolfm\/wp-json\/wp\/v2\/posts\/22527","targetHints":{"allow":["GET"]}}],"collection":[{"href":"https:\/\/sertv.gob.pa\/crisolfm\/wp-json\/wp\/v2\/posts"}],"about":[{"href":"https:\/\/sertv.gob.pa\/crisolfm\/wp-json\/wp\/v2\/types\/post"}],"author":[{"embeddable":true,"href":"https:\/\/sertv.gob.pa\/crisolfm\/wp-json\/wp\/v2\/users\/64"}],"replies":[{"embeddable":true,"href":"https:\/\/sertv.gob.pa\/crisolfm\/wp-json\/wp\/v2\/comments?post=22527"}],"version-history":[{"count":1,"href":"https:\/\/sertv.gob.pa\/crisolfm\/wp-json\/wp\/v2\/posts\/22527\/revisions"}],"predecessor-version":[{"id":22529,"href":"https:\/\/sertv.gob.pa\/crisolfm\/wp-json\/wp\/v2\/posts\/22527\/revisions\/22529"}],"wp:featuredmedia":[{"embeddable":true,"href":"https:\/\/sertv.gob.pa\/crisolfm\/wp-json\/wp\/v2\/media\/22528"}],"wp:attachment":[{"href":"https:\/\/sertv.gob.pa\/crisolfm\/wp-json\/wp\/v2\/media?parent=22527"}],"wp:term":[{"taxonomy":"category","embeddable":true,"href":"https:\/\/sertv.gob.pa\/crisolfm\/wp-json\/wp\/v2\/categories?post=22527"},{"taxonomy":"post_tag","embeddable":true,"href":"https:\/\/sertv.gob.pa\/crisolfm\/wp-json\/wp\/v2\/tags?post=22527"}],"curies":[{"name":"wp","href":"https:\/\/api.w.org\/{rel}","templated":true}]}}