{"id":22530,"date":"2019-09-20T15:29:39","date_gmt":"2019-09-20T15:29:39","guid":{"rendered":"https:\/\/sertv.gob.pa\/crisolfm\/?p=22530"},"modified":"2019-09-20T15:29:39","modified_gmt":"2019-09-20T15:29:39","slug":"gorbachov-expondra-su-vision-del-mundo-actual-en-un-nuevo-libro","status":"publish","type":"post","link":"https:\/\/sertv.gob.pa\/crisolfm\/gorbachov-expondra-su-vision-del-mundo-actual-en-un-nuevo-libro\/","title":{"rendered":"Gorbachov expondr\u00e1 su visi\u00f3n del mundo actual en un nuevo libro"},"content":{"rendered":"<p>El \u00faltimo presidente sovi\u00e9tico, Mija\u00edl Gorbachov, publicar\u00e1 un nuevo libro presentado como su testamento pol\u00edtico, en el que expone su visi\u00f3n del siglo XXI, inform\u00f3 este jueves una editorial francesa. La salida mundial de la obra \u00abEl futuro del mundo global\u00bb (traducci\u00f3n del t\u00edtulo en franc\u00e9s) tendr\u00e1 lugar el 23 de septiembre en Alemania, y el 2 de octubre en Francia, y por ahora no se comunic\u00f3 una fecha para la versi\u00f3n en espa\u00f1ol.<\/p>\n<p>\u00abLa pol\u00edtica mundial sigue una pendiente extremadamente peligrosa (&#8230;) Las actividades militares actuales tienen las caracter\u00edsticas de una verdadera guerra\u00bb, advierte el exdirigente, de 88 a\u00f1os, seg\u00fan extractos del libro revelados por su editorial francesa, Flammarion.<\/p>\n<p>El premio Nobel de la Paz estima que \u00abgarantizar la paz es la condici\u00f3n esencial para hacer frente a los problemas globales como la crisis medioambiental, el terrorismo internacional, las migraciones y todos los dem\u00e1s desaf\u00edos en los que se centran obligatoriamente los Estados y las organizaciones internacionales\u00bb. La publicaci\u00f3n del libro coincide con el 30\u00ba aniversario, el 9 de noviembre, de la ca\u00edda del Muro de Berl\u00edn, cuando Gorbachov dirig\u00eda la URSS.<\/p>\n<p>AFP<\/p>\n","protected":false},"excerpt":{"rendered":"<p>El \u00faltimo presidente sovi\u00e9tico, Mija\u00edl Gorbachov, publicar\u00e1 un nuevo libro <a href=\"https:\/\/sertv.gob.pa\/crisolfm\/gorbachov-expondra-su-vision-del-mundo-actual-en-un-nuevo-libro\/\"> [&#8230;]<\/a><\/p>\n","protected":false},"author":64,"featured_media":22531,"comment_status":"closed","ping_status":"closed","sticky":false,"template":"","format":"standard","meta":{"footnotes":""},"categories":[6],"tags":[],"class_list":["post-22530","post","type-post","status-publish","format-standard","has-post-thumbnail","hentry","category-culturales"],"_links":{"self":[{"href":"https:\/\/sertv.gob.pa\/crisolfm\/wp-json\/wp\/v2\/posts\/22530","targetHints":{"allow":["GET"]}}],"collection":[{"href":"https:\/\/sertv.gob.pa\/crisolfm\/wp-json\/wp\/v2\/posts"}],"about":[{"href":"https:\/\/sertv.gob.pa\/crisolfm\/wp-json\/wp\/v2\/types\/post"}],"author":[{"embeddable":true,"href":"https:\/\/sertv.gob.pa\/crisolfm\/wp-json\/wp\/v2\/users\/64"}],"replies":[{"embeddable":true,"href":"https:\/\/sertv.gob.pa\/crisolfm\/wp-json\/wp\/v2\/comments?post=22530"}],"version-history":[{"count":1,"href":"https:\/\/sertv.gob.pa\/crisolfm\/wp-json\/wp\/v2\/posts\/22530\/revisions"}],"predecessor-version":[{"id":22532,"href":"https:\/\/sertv.gob.pa\/crisolfm\/wp-json\/wp\/v2\/posts\/22530\/revisions\/22532"}],"wp:featuredmedia":[{"embeddable":true,"href":"https:\/\/sertv.gob.pa\/crisolfm\/wp-json\/wp\/v2\/media\/22531"}],"wp:attachment":[{"href":"https:\/\/sertv.gob.pa\/crisolfm\/wp-json\/wp\/v2\/media?parent=22530"}],"wp:term":[{"taxonomy":"category","embeddable":true,"href":"https:\/\/sertv.gob.pa\/crisolfm\/wp-json\/wp\/v2\/categories?post=22530"},{"taxonomy":"post_tag","embeddable":true,"href":"https:\/\/sertv.gob.pa\/crisolfm\/wp-json\/wp\/v2\/tags?post=22530"}],"curies":[{"name":"wp","href":"https:\/\/api.w.org\/{rel}","templated":true}]}}