{"id":22536,"date":"2019-09-20T18:27:36","date_gmt":"2019-09-20T18:27:36","guid":{"rendered":"https:\/\/sertv.gob.pa\/crisolfm\/?p=22536"},"modified":"2019-09-20T18:27:36","modified_gmt":"2019-09-20T18:27:36","slug":"lorena-vuelve-a-ser-huracan-al-acercarse-a-balneario-mexicano-de-los-cabos","status":"publish","type":"post","link":"https:\/\/sertv.gob.pa\/crisolfm\/lorena-vuelve-a-ser-huracan-al-acercarse-a-balneario-mexicano-de-los-cabos\/","title":{"rendered":"Lorena vuelve a ser hurac\u00e1n al acercarse a balneario mexicano de Los Cabos"},"content":{"rendered":"<p>Lorena recobr\u00f3 fuerza en el Pac\u00edfico para volver a ser hurac\u00e1n mientras se acerca este viernes a la pen\u00ednsula de Baja California, donde se localiza el balneario mexicano de Los Cabos, de gran popularidad entre turistas extranjeros. Luego de que la tarde del jueves se degrad\u00f3 a tormenta tropical tras tocar por momentos la costa central del Pac\u00edfico mexicano, Lorena volvi\u00f3 a ser hurac\u00e1n con vientos sostenidos de 120 km\/h, seg\u00fan un reporte del Centro Nacional de Huracanes (NHC) de Estados Unidos.<\/p>\n<p>Seg\u00fan el pron\u00f3stico, \u00abel centro de Lorena pasar\u00e1 cerca o sobre la porci\u00f3n sur de la pen\u00ednsula de Baja California la tarde de hoy (viernes) y gradualmente se alejar\u00e1 de la costa esta noche y el s\u00e1bado\u00bb, se\u00f1ala el NHC. Se espera que el fen\u00f3meno cobre un poco m\u00e1s de fuerza para empezar a debilitarse la noche del s\u00e1bado y convertirse en remanente.<\/p>\n<p>AFP<\/p>\n","protected":false},"excerpt":{"rendered":"<p>Lorena recobr\u00f3 fuerza en el Pac\u00edfico para volver a ser <a href=\"https:\/\/sertv.gob.pa\/crisolfm\/lorena-vuelve-a-ser-huracan-al-acercarse-a-balneario-mexicano-de-los-cabos\/\"> [&#8230;]<\/a><\/p>\n","protected":false},"author":64,"featured_media":22537,"comment_status":"closed","ping_status":"closed","sticky":false,"template":"","format":"standard","meta":{"footnotes":""},"categories":[7],"tags":[],"class_list":["post-22536","post","type-post","status-publish","format-standard","has-post-thumbnail","hentry","category-ecologicas"],"_links":{"self":[{"href":"https:\/\/sertv.gob.pa\/crisolfm\/wp-json\/wp\/v2\/posts\/22536","targetHints":{"allow":["GET"]}}],"collection":[{"href":"https:\/\/sertv.gob.pa\/crisolfm\/wp-json\/wp\/v2\/posts"}],"about":[{"href":"https:\/\/sertv.gob.pa\/crisolfm\/wp-json\/wp\/v2\/types\/post"}],"author":[{"embeddable":true,"href":"https:\/\/sertv.gob.pa\/crisolfm\/wp-json\/wp\/v2\/users\/64"}],"replies":[{"embeddable":true,"href":"https:\/\/sertv.gob.pa\/crisolfm\/wp-json\/wp\/v2\/comments?post=22536"}],"version-history":[{"count":1,"href":"https:\/\/sertv.gob.pa\/crisolfm\/wp-json\/wp\/v2\/posts\/22536\/revisions"}],"predecessor-version":[{"id":22538,"href":"https:\/\/sertv.gob.pa\/crisolfm\/wp-json\/wp\/v2\/posts\/22536\/revisions\/22538"}],"wp:featuredmedia":[{"embeddable":true,"href":"https:\/\/sertv.gob.pa\/crisolfm\/wp-json\/wp\/v2\/media\/22537"}],"wp:attachment":[{"href":"https:\/\/sertv.gob.pa\/crisolfm\/wp-json\/wp\/v2\/media?parent=22536"}],"wp:term":[{"taxonomy":"category","embeddable":true,"href":"https:\/\/sertv.gob.pa\/crisolfm\/wp-json\/wp\/v2\/categories?post=22536"},{"taxonomy":"post_tag","embeddable":true,"href":"https:\/\/sertv.gob.pa\/crisolfm\/wp-json\/wp\/v2\/tags?post=22536"}],"curies":[{"name":"wp","href":"https:\/\/api.w.org\/{rel}","templated":true}]}}