{"id":22539,"date":"2019-09-23T13:31:39","date_gmt":"2019-09-23T13:31:39","guid":{"rendered":"https:\/\/sertv.gob.pa\/crisolfm\/?p=22539"},"modified":"2019-09-23T13:31:39","modified_gmt":"2019-09-23T13:31:39","slug":"diez-toneladas-de-basura-son-recolectadas-en-costa-del-este","status":"publish","type":"post","link":"https:\/\/sertv.gob.pa\/crisolfm\/diez-toneladas-de-basura-son-recolectadas-en-costa-del-este\/","title":{"rendered":"Diez toneladas de basura son recolectadas en Costa del Este"},"content":{"rendered":"<p>Este domingo 22 de septiembre en Costa del Este, como parte de la limpieza de playas organizada por la Autoridad de Aseo Urbano y Domiciliario y el Colegio Nacional de Abogados con el apoyo de ProMar y Mi Ambiente, se recogieron botellas pl\u00e1sticas, envases de vidrio, chancletas y otros objetos.<\/p>\n<p>La operaci\u00f3n de limpieza dio como resultado la recolecci\u00f3n de 10 toneladas de desechos en esta \u00e1rea de playa. \u00a0Se trata de una actividad convocada como parte de la celebraci\u00f3n del Mes de Los Oc\u00e9anos.\u00a0 Cabe se\u00f1alar que el pr\u00f3ximo domingo 29 de septiembre se efectuar\u00e1 la limpieza anual de playas a nivel nacional.<\/p>\n<p>&nbsp;<\/p>\n<p>&nbsp;<\/p>\n","protected":false},"excerpt":{"rendered":"<p>Este domingo 22 de septiembre en Costa del Este, como <a href=\"https:\/\/sertv.gob.pa\/crisolfm\/diez-toneladas-de-basura-son-recolectadas-en-costa-del-este\/\"> [&#8230;]<\/a><\/p>\n","protected":false},"author":64,"featured_media":22540,"comment_status":"closed","ping_status":"closed","sticky":false,"template":"","format":"standard","meta":{"footnotes":""},"categories":[7],"tags":[],"class_list":["post-22539","post","type-post","status-publish","format-standard","has-post-thumbnail","hentry","category-ecologicas"],"_links":{"self":[{"href":"https:\/\/sertv.gob.pa\/crisolfm\/wp-json\/wp\/v2\/posts\/22539","targetHints":{"allow":["GET"]}}],"collection":[{"href":"https:\/\/sertv.gob.pa\/crisolfm\/wp-json\/wp\/v2\/posts"}],"about":[{"href":"https:\/\/sertv.gob.pa\/crisolfm\/wp-json\/wp\/v2\/types\/post"}],"author":[{"embeddable":true,"href":"https:\/\/sertv.gob.pa\/crisolfm\/wp-json\/wp\/v2\/users\/64"}],"replies":[{"embeddable":true,"href":"https:\/\/sertv.gob.pa\/crisolfm\/wp-json\/wp\/v2\/comments?post=22539"}],"version-history":[{"count":1,"href":"https:\/\/sertv.gob.pa\/crisolfm\/wp-json\/wp\/v2\/posts\/22539\/revisions"}],"predecessor-version":[{"id":22541,"href":"https:\/\/sertv.gob.pa\/crisolfm\/wp-json\/wp\/v2\/posts\/22539\/revisions\/22541"}],"wp:featuredmedia":[{"embeddable":true,"href":"https:\/\/sertv.gob.pa\/crisolfm\/wp-json\/wp\/v2\/media\/22540"}],"wp:attachment":[{"href":"https:\/\/sertv.gob.pa\/crisolfm\/wp-json\/wp\/v2\/media?parent=22539"}],"wp:term":[{"taxonomy":"category","embeddable":true,"href":"https:\/\/sertv.gob.pa\/crisolfm\/wp-json\/wp\/v2\/categories?post=22539"},{"taxonomy":"post_tag","embeddable":true,"href":"https:\/\/sertv.gob.pa\/crisolfm\/wp-json\/wp\/v2\/tags?post=22539"}],"curies":[{"name":"wp","href":"https:\/\/api.w.org\/{rel}","templated":true}]}}