{"id":22557,"date":"2019-09-23T14:30:16","date_gmt":"2019-09-23T14:30:16","guid":{"rendered":"https:\/\/sertv.gob.pa\/crisolfm\/?p=22557"},"modified":"2019-09-23T14:30:16","modified_gmt":"2019-09-23T14:30:16","slug":"fallece-musico-senegales-considerado-tesoro-humano-vivo-por-la-unesco","status":"publish","type":"post","link":"https:\/\/sertv.gob.pa\/crisolfm\/fallece-musico-senegales-considerado-tesoro-humano-vivo-por-la-unesco\/","title":{"rendered":"Fallece m\u00fasico senegal\u00e9s considerado \u00abTesoro humano vivo\u00bb por la Unesco"},"content":{"rendered":"<p>El cantante senegal\u00e9s Samba Diabar\u00e9 Samb, gran maestro de la\u00a0m\u00fasica\u00a0tradicional en Senegal y considerado por la Unesco en 2006 como un \u00abTesoro humano vivo\u00bb, falleci\u00f3 a los 95 a\u00f1os, anunci\u00f3 el s\u00e1bado en Twitter el presidente senegal\u00e9s Macky Sall.<\/p>\n<p>\u00abSenegal acaba de perder a uno de sus hijos m\u00e1s ilustres, El Hadji Samba Diabar\u00e9 Samb\u00bb, a\u00f1adi\u00f3 Sall, quien describi\u00f3 a este compositor del xalam, un instrumento tradicional del oeste de \u00c1frica parecido al la\u00fad, como \u00abun s\u00edmbolo de la dignidad\u00bb.<\/p>\n<p>Nacido en 1924 en una familia de juglares africanos, Samba Diabar\u00e9 Samb tuvo un rol destacado en un recordado programa de televisi\u00f3n sobre la historia y el patrimonio cultural de Senegal emitido poco antes de la proclamaci\u00f3n de la independencia de este pa\u00eds. Conocido como el \u00abbaayu ndaanaan yi\u00bb (\u00abel padre de los artistas\u00bb), la Unesco lo design\u00f3 en 2006 como \u00abTesoro humano vivo\u00bb.<\/p>\n<p>AFP<\/p>\n","protected":false},"excerpt":{"rendered":"<p>El cantante senegal\u00e9s Samba Diabar\u00e9 Samb, gran maestro de la\u00a0m\u00fasica\u00a0tradicional <a href=\"https:\/\/sertv.gob.pa\/crisolfm\/fallece-musico-senegales-considerado-tesoro-humano-vivo-por-la-unesco\/\"> [&#8230;]<\/a><\/p>\n","protected":false},"author":64,"featured_media":22558,"comment_status":"closed","ping_status":"closed","sticky":false,"template":"","format":"standard","meta":{"footnotes":""},"categories":[6],"tags":[],"class_list":["post-22557","post","type-post","status-publish","format-standard","has-post-thumbnail","hentry","category-culturales"],"_links":{"self":[{"href":"https:\/\/sertv.gob.pa\/crisolfm\/wp-json\/wp\/v2\/posts\/22557","targetHints":{"allow":["GET"]}}],"collection":[{"href":"https:\/\/sertv.gob.pa\/crisolfm\/wp-json\/wp\/v2\/posts"}],"about":[{"href":"https:\/\/sertv.gob.pa\/crisolfm\/wp-json\/wp\/v2\/types\/post"}],"author":[{"embeddable":true,"href":"https:\/\/sertv.gob.pa\/crisolfm\/wp-json\/wp\/v2\/users\/64"}],"replies":[{"embeddable":true,"href":"https:\/\/sertv.gob.pa\/crisolfm\/wp-json\/wp\/v2\/comments?post=22557"}],"version-history":[{"count":1,"href":"https:\/\/sertv.gob.pa\/crisolfm\/wp-json\/wp\/v2\/posts\/22557\/revisions"}],"predecessor-version":[{"id":22559,"href":"https:\/\/sertv.gob.pa\/crisolfm\/wp-json\/wp\/v2\/posts\/22557\/revisions\/22559"}],"wp:featuredmedia":[{"embeddable":true,"href":"https:\/\/sertv.gob.pa\/crisolfm\/wp-json\/wp\/v2\/media\/22558"}],"wp:attachment":[{"href":"https:\/\/sertv.gob.pa\/crisolfm\/wp-json\/wp\/v2\/media?parent=22557"}],"wp:term":[{"taxonomy":"category","embeddable":true,"href":"https:\/\/sertv.gob.pa\/crisolfm\/wp-json\/wp\/v2\/categories?post=22557"},{"taxonomy":"post_tag","embeddable":true,"href":"https:\/\/sertv.gob.pa\/crisolfm\/wp-json\/wp\/v2\/tags?post=22557"}],"curies":[{"name":"wp","href":"https:\/\/api.w.org\/{rel}","templated":true}]}}