{"id":22563,"date":"2019-09-23T15:19:29","date_gmt":"2019-09-23T15:19:29","guid":{"rendered":"https:\/\/sertv.gob.pa\/crisolfm\/?p=22563"},"modified":"2019-09-23T15:19:29","modified_gmt":"2019-09-23T15:19:29","slug":"juego-de-tronos-se-corona-en-los-emmy-como-el-mejor-drama-del-ano","status":"publish","type":"post","link":"https:\/\/sertv.gob.pa\/crisolfm\/juego-de-tronos-se-corona-en-los-emmy-como-el-mejor-drama-del-ano\/","title":{"rendered":"\u00abJuego de Tronos\u00bb se corona en los Emmy como el mejor drama del a\u00f1o"},"content":{"rendered":"<p>Los <a href=\"https:\/\/www.abc.es\/play\/series\/noticias\/abci-lista-premiados-emmy-2019-201909230536_noticia.html\" target=\"_blank\" rel=\"noopener\">premios Emmy 2019<\/a> hicieron justicia con <a href=\"https:\/\/www.abc.es\/play\/series\/criticas\/abci-juego-tronos-debe-reinar-emmy-201909220105_noticia.html\" target=\"_blank\" rel=\"noopener\">\u00abJuego de Tronos\u00bb<\/a> y concedieron a la ficci\u00f3n de HBO el <strong>galard\u00f3n a la mejor serie dram\u00e1tica.<\/strong> El premio, que reconoce la trayectoria de la que ha sido una de las historias m\u00e1s seguidas por la audiencia en los \u00faltimos a\u00f1os, fue el broche final a una serie de la que \u00faltimamente se habl\u00f3 m\u00e1s por sus defectos que por sus virtudes. Sea como fuere, \u00abJuego de Tronos\u00bb se impuso a otras series \u00abfuertes\u00bb del g\u00e9nero como \u00abBodyguard\u00bb, una de las revelaciones de la temporada pasada o \u201cKilling Eve\u201d.<\/p>\n<p>El premio, eso s\u00ed, dej\u00f3 un sabor amargo a los responsables de \u00abJuego de Tronos\u00bb, <strong>que esta noche ten\u00edan en su mano la oportunidad de arrasar<\/strong> al acudir a la gala de los Emmy con el mayor n\u00famero de nominaciones para una \u00fanica serie. Sin hacer historia, <strong>Benioff y Weiss se fueron a casa cubriendo expediente<\/strong> pero no con las manos llenas, algo que hubiera ocurrido si <a href=\"https:\/\/www.abc.es\/play\/series\/criticas\/abci-premios-emmy-2019-decepcionante-final-juego-tronos-no-merece-arrasar-emmy-201909221604_noticia.html\" target=\"_blank\" rel=\"noopener\">la \u00faltima tanda de cap\u00edtulos de \u00abJuego de Tronos\u00bb<\/a> no hubiera estado, en opini\u00f3n de los fans, m\u00e1s llena de sombras que de luces.<\/p>\n<p>En conjunto, la adaptaci\u00f3n de los libros de George R.R. Martin lider\u00f3 la \u00faltima edici\u00f3n de los Emmy 2019 con <strong>12 galardones<\/strong>, por delante de \u00abChernobyl\u00bb (10 premios), \u00abLa maravillosa se\u00f1ora Maisel\u00bb (8 premios) y \u00abFleabag\u00bb (6 premios). Esta \u00faltima, una de las grandes comedias del a\u00f1o gracias a su creadora y protagonista, <a href=\"https:\/\/www.abc.es\/play\/series\/noticias\/abci-quien-phoebe-waller-bridge-y-mundo-esta-obsesionado-ella-201907290158_noticia.html\" target=\"_blank\" rel=\"noopener\">Phoebe Waller-Bridge<\/a>, se impuso como mejor serie de comeda a dos de sus grandes rivales: <strong>\u00abVeep\u00bb y \u00abLa maravillosa Sra. Maisel\u00bb<\/strong>. Tambi\u00e9n \u00abFleabag\u00bb se hizo con el galard\u00f3n a mejor actriz de comedia para Waller-Bridge, mejor direcci\u00f3n de comedia y mejor gui\u00f3n.<\/p>\n<p>ABC Cultura<\/p>\n","protected":false},"excerpt":{"rendered":"<p>Los premios Emmy 2019 hicieron justicia con \u00abJuego de Tronos\u00bb <a href=\"https:\/\/sertv.gob.pa\/crisolfm\/juego-de-tronos-se-corona-en-los-emmy-como-el-mejor-drama-del-ano\/\"> [&#8230;]<\/a><\/p>\n","protected":false},"author":64,"featured_media":22564,"comment_status":"closed","ping_status":"closed","sticky":false,"template":"","format":"standard","meta":{"footnotes":""},"categories":[6],"tags":[],"class_list":["post-22563","post","type-post","status-publish","format-standard","has-post-thumbnail","hentry","category-culturales"],"_links":{"self":[{"href":"https:\/\/sertv.gob.pa\/crisolfm\/wp-json\/wp\/v2\/posts\/22563","targetHints":{"allow":["GET"]}}],"collection":[{"href":"https:\/\/sertv.gob.pa\/crisolfm\/wp-json\/wp\/v2\/posts"}],"about":[{"href":"https:\/\/sertv.gob.pa\/crisolfm\/wp-json\/wp\/v2\/types\/post"}],"author":[{"embeddable":true,"href":"https:\/\/sertv.gob.pa\/crisolfm\/wp-json\/wp\/v2\/users\/64"}],"replies":[{"embeddable":true,"href":"https:\/\/sertv.gob.pa\/crisolfm\/wp-json\/wp\/v2\/comments?post=22563"}],"version-history":[{"count":1,"href":"https:\/\/sertv.gob.pa\/crisolfm\/wp-json\/wp\/v2\/posts\/22563\/revisions"}],"predecessor-version":[{"id":22565,"href":"https:\/\/sertv.gob.pa\/crisolfm\/wp-json\/wp\/v2\/posts\/22563\/revisions\/22565"}],"wp:featuredmedia":[{"embeddable":true,"href":"https:\/\/sertv.gob.pa\/crisolfm\/wp-json\/wp\/v2\/media\/22564"}],"wp:attachment":[{"href":"https:\/\/sertv.gob.pa\/crisolfm\/wp-json\/wp\/v2\/media?parent=22563"}],"wp:term":[{"taxonomy":"category","embeddable":true,"href":"https:\/\/sertv.gob.pa\/crisolfm\/wp-json\/wp\/v2\/categories?post=22563"},{"taxonomy":"post_tag","embeddable":true,"href":"https:\/\/sertv.gob.pa\/crisolfm\/wp-json\/wp\/v2\/tags?post=22563"}],"curies":[{"name":"wp","href":"https:\/\/api.w.org\/{rel}","templated":true}]}}