{"id":22575,"date":"2019-09-23T20:19:11","date_gmt":"2019-09-23T20:19:11","guid":{"rendered":"https:\/\/sertv.gob.pa\/crisolfm\/?p=22575"},"modified":"2019-09-23T20:19:11","modified_gmt":"2019-09-23T20:19:11","slug":"como-se-atreven-han-robado-mis-suenos-y-mi-ninez-dice-greta-thunberg-en-la-onu","status":"publish","type":"post","link":"https:\/\/sertv.gob.pa\/crisolfm\/como-se-atreven-han-robado-mis-suenos-y-mi-ninez-dice-greta-thunberg-en-la-onu\/","title":{"rendered":"\u00ab\u00bfC\u00f3mo se atreven? \u00a1Han robado mis sue\u00f1os y mi ni\u00f1ez!\u00bb, dice Greta Thunberg en la ONU"},"content":{"rendered":"<p>Enojada, con l\u00e1grimas en los ojos, la activista sueca Greta Thunberg, de 16 a\u00f1os, acus\u00f3 el lunes en la ONU a los l\u00edderes mundiales de traicionar a su generaci\u00f3n por su inacci\u00f3n frente al cambio clim\u00e1tico. \u00abVienen a nosotros, los j\u00f3venes, buscando esperanza. \u00bfC\u00f3mo se atreven?\u00bb, pregunt\u00f3 en la ONU al abrir la cumbre sobre el clima. \u00abHan robado mis sue\u00f1os y mi ni\u00f1ez con sus palabras huecas, y sin embargo soy una de las m\u00e1s suertudas. La gente est\u00e1 sufriendo, la gente est\u00e1 muriendo, ecosistemas enteros est\u00e1n colapsando\u00bb, afirm\u00f3.<\/p>\n<p>\u00abEstamos en el comienzo de una extinci\u00f3n masiva, y de lo \u00fanico que ustedes pueden hablar es de dinero y de cuentos de hadas de crecimiento econ\u00f3mico eterno. \u00bfC\u00f3mo se atreven?\u00bb, lanz\u00f3 indignada, antes de recibir un sonoro aplauso en la gran sala ovalada de la Asamblea General.<\/p>\n<p>Thunberg comenz\u00f3 a faltar a la escuela hace un a\u00f1o para protestar sola frente al parlamento sueco con una pancarta, y r\u00e1pidamente se convirti\u00f3 en el s\u00edmbolo de la indignaci\u00f3n juvenil ante la inacci\u00f3n de los gobiernos frente al cambio clim\u00e1tico. Su movimiento \u00abViernes por el Futuro\u00bb prendi\u00f3 como un reguero de p\u00f3lvora y es imitado por miles de j\u00f3venes de todo el planeta.<\/p>\n<p>AFP<\/p>\n","protected":false},"excerpt":{"rendered":"<p>Enojada, con l\u00e1grimas en los ojos, la activista sueca Greta <a href=\"https:\/\/sertv.gob.pa\/crisolfm\/como-se-atreven-han-robado-mis-suenos-y-mi-ninez-dice-greta-thunberg-en-la-onu\/\"> [&#8230;]<\/a><\/p>\n","protected":false},"author":64,"featured_media":22576,"comment_status":"closed","ping_status":"closed","sticky":false,"template":"","format":"standard","meta":{"footnotes":""},"categories":[7],"tags":[],"class_list":["post-22575","post","type-post","status-publish","format-standard","has-post-thumbnail","hentry","category-ecologicas"],"_links":{"self":[{"href":"https:\/\/sertv.gob.pa\/crisolfm\/wp-json\/wp\/v2\/posts\/22575","targetHints":{"allow":["GET"]}}],"collection":[{"href":"https:\/\/sertv.gob.pa\/crisolfm\/wp-json\/wp\/v2\/posts"}],"about":[{"href":"https:\/\/sertv.gob.pa\/crisolfm\/wp-json\/wp\/v2\/types\/post"}],"author":[{"embeddable":true,"href":"https:\/\/sertv.gob.pa\/crisolfm\/wp-json\/wp\/v2\/users\/64"}],"replies":[{"embeddable":true,"href":"https:\/\/sertv.gob.pa\/crisolfm\/wp-json\/wp\/v2\/comments?post=22575"}],"version-history":[{"count":1,"href":"https:\/\/sertv.gob.pa\/crisolfm\/wp-json\/wp\/v2\/posts\/22575\/revisions"}],"predecessor-version":[{"id":22577,"href":"https:\/\/sertv.gob.pa\/crisolfm\/wp-json\/wp\/v2\/posts\/22575\/revisions\/22577"}],"wp:featuredmedia":[{"embeddable":true,"href":"https:\/\/sertv.gob.pa\/crisolfm\/wp-json\/wp\/v2\/media\/22576"}],"wp:attachment":[{"href":"https:\/\/sertv.gob.pa\/crisolfm\/wp-json\/wp\/v2\/media?parent=22575"}],"wp:term":[{"taxonomy":"category","embeddable":true,"href":"https:\/\/sertv.gob.pa\/crisolfm\/wp-json\/wp\/v2\/categories?post=22575"},{"taxonomy":"post_tag","embeddable":true,"href":"https:\/\/sertv.gob.pa\/crisolfm\/wp-json\/wp\/v2\/tags?post=22575"}],"curies":[{"name":"wp","href":"https:\/\/api.w.org\/{rel}","templated":true}]}}