{"id":22582,"date":"2019-09-24T13:29:39","date_gmt":"2019-09-24T13:29:39","guid":{"rendered":"https:\/\/sertv.gob.pa\/crisolfm\/?p=22582"},"modified":"2019-09-24T13:29:39","modified_gmt":"2019-09-24T13:29:39","slug":"activistas-bloquean-washington-para-denunciar-emergencia-climatica","status":"publish","type":"post","link":"https:\/\/sertv.gob.pa\/crisolfm\/activistas-bloquean-washington-para-denunciar-emergencia-climatica\/","title":{"rendered":"Activistas \u00abbloquean\u00bb Washington para denunciar emergencia clim\u00e1tica"},"content":{"rendered":"<p>Activistas por el ambiente se manifestaron el lunes en Washington respondiendo al llamado de un colectivo a \u00abbloquear\u00bb la capital estadounidense para denunciar la crisis clim\u00e1tica y la inacci\u00f3n de los responsables pol\u00edticos en Estados Unidos.<\/p>\n<p>Peque\u00f1os grupos esparcidos por diferentes puntos de la ciudad interrumpieron el tr\u00e1fico durante varias horas para \u00abrecordarle a la gente que no solo Washington, sino todo el planeta\u00bb est\u00e1 en peligro, dijo Maryan Pollock, una de las activistas que particip\u00f3 en las acciones.<\/p>\n<p>Las manifestaciones se producen cuando cerca de 60 l\u00edderes mundiales se encuentran en la ONU este lunes para una cumbre sobre \u00abla emergencia clim\u00e1tica\u00bb que intentar\u00e1 revitalizar el acuerdo de Par\u00eds.<\/p>\n<p>AFP<\/p>\n","protected":false},"excerpt":{"rendered":"<p>Activistas por el ambiente se manifestaron el lunes en Washington <a href=\"https:\/\/sertv.gob.pa\/crisolfm\/activistas-bloquean-washington-para-denunciar-emergencia-climatica\/\"> [&#8230;]<\/a><\/p>\n","protected":false},"author":64,"featured_media":22583,"comment_status":"closed","ping_status":"closed","sticky":false,"template":"","format":"standard","meta":{"footnotes":""},"categories":[7],"tags":[],"class_list":["post-22582","post","type-post","status-publish","format-standard","has-post-thumbnail","hentry","category-ecologicas"],"_links":{"self":[{"href":"https:\/\/sertv.gob.pa\/crisolfm\/wp-json\/wp\/v2\/posts\/22582","targetHints":{"allow":["GET"]}}],"collection":[{"href":"https:\/\/sertv.gob.pa\/crisolfm\/wp-json\/wp\/v2\/posts"}],"about":[{"href":"https:\/\/sertv.gob.pa\/crisolfm\/wp-json\/wp\/v2\/types\/post"}],"author":[{"embeddable":true,"href":"https:\/\/sertv.gob.pa\/crisolfm\/wp-json\/wp\/v2\/users\/64"}],"replies":[{"embeddable":true,"href":"https:\/\/sertv.gob.pa\/crisolfm\/wp-json\/wp\/v2\/comments?post=22582"}],"version-history":[{"count":1,"href":"https:\/\/sertv.gob.pa\/crisolfm\/wp-json\/wp\/v2\/posts\/22582\/revisions"}],"predecessor-version":[{"id":22584,"href":"https:\/\/sertv.gob.pa\/crisolfm\/wp-json\/wp\/v2\/posts\/22582\/revisions\/22584"}],"wp:featuredmedia":[{"embeddable":true,"href":"https:\/\/sertv.gob.pa\/crisolfm\/wp-json\/wp\/v2\/media\/22583"}],"wp:attachment":[{"href":"https:\/\/sertv.gob.pa\/crisolfm\/wp-json\/wp\/v2\/media?parent=22582"}],"wp:term":[{"taxonomy":"category","embeddable":true,"href":"https:\/\/sertv.gob.pa\/crisolfm\/wp-json\/wp\/v2\/categories?post=22582"},{"taxonomy":"post_tag","embeddable":true,"href":"https:\/\/sertv.gob.pa\/crisolfm\/wp-json\/wp\/v2\/tags?post=22582"}],"curies":[{"name":"wp","href":"https:\/\/api.w.org\/{rel}","templated":true}]}}